{"id":1571,"date":"2026-03-25T16:28:00","date_gmt":"2026-03-25T22:28:00","guid":{"rendered":"https:\/\/cordoba.gob.mx\/blog\/?p=1571"},"modified":"2026-04-20T16:29:33","modified_gmt":"2026-04-20T22:29:33","slug":"parque-skate-de-cordoba-luce-un-nuevo-mural","status":"publish","type":"post","link":"https:\/\/cordoba.gob.mx\/blog\/parque-skate-de-cordoba-luce-un-nuevo-mural\/","title":{"rendered":"Parque Skate de C\u00f3rdoba luce un nuevo mural"},"content":{"rendered":"\n<p>C\u00f3rdoba, Ver., 25 de marzo del 2026.- La Jefatura de Deporte del Ayuntamiento de C\u00f3rdoba gestion\u00f3, junto al artista urbano Aldo Hern\u00e1ndez Mondrag\u00f3n, un mural que ha quedado listo en el parque Skate, mismo que busca dar identidad a los j\u00f3venes que diariamente practican su deporte favorito en dicha instalaci\u00f3n municipal.<\/p>\n\n\n\n<p>Previamente la Jefatura de Deporte realiz\u00f3 mejoras al parque skate, esto previo a la etapa Estatal de Olimpiada Nacional en la disciplina de skate, pero adem\u00e1s y en conjunto con el departamento de Alumbrado P\u00fablico, iluminaron toda la zona del parque y calles aleda\u00f1as.<\/p>\n\n\n\n<figure class=\"wp-block-image size-large\"><img loading=\"lazy\" decoding=\"async\" width=\"1024\" height=\"768\" src=\"https:\/\/cordoba.gob.mx\/blog\/wp-content\/uploads\/2026\/04\/IMG_0602-1024x768.jpg\" alt=\"\" class=\"wp-image-1573\" srcset=\"https:\/\/cordoba.gob.mx\/blog\/wp-content\/uploads\/2026\/04\/IMG_0602-1024x768.jpg 1024w, https:\/\/cordoba.gob.mx\/blog\/wp-content\/uploads\/2026\/04\/IMG_0602-300x225.jpg 300w, https:\/\/cordoba.gob.mx\/blog\/wp-content\/uploads\/2026\/04\/IMG_0602-768x576.jpg 768w, https:\/\/cordoba.gob.mx\/blog\/wp-content\/uploads\/2026\/04\/IMG_0602.jpg 1244w\" sizes=\"auto, (max-width: 1024px) 100vw, 1024px\" \/><\/figure>\n\n\n\n<p>Aldo Hern\u00e1ndez Mondrag\u00f3n, artista urbano, y responsable del mural ya pintado y terminado cuenta con hasta 17 a\u00f1os de experiencia, y desde hace una d\u00e9cada lo hace de manera profesional. \u201cAhora nos pusimos de acuerdo con los chicos que patinan en el Parque Skate, y llegamos al acuerdo de un dise\u00f1o que va de acuerdo con la identidad de la esencia urbana y con la juventud\u201d, asegur\u00f3 el artista que ha pintado diversos murales en C\u00f3rdoba, Orizaba y en otras entidades.<\/p>\n\n\n\n<p>\u201cEl dise\u00f1o es una variedad de colores, llama mucho a la diversidad donde todos son voces y entran al parque; podemos ver c\u00f3mo unos chavos son j\u00f3venes, y otros m\u00e1s chicos. Se trata de que nadie este excluido\u201d, apunta.<\/p>\n\n\n\n<p>\u201cEl dise\u00f1o del arte urbano es para darle identidad, una esencia nueva. Poner letras va dedicado a la juventud que se siente inquieta, y que se identifican con el grafiti\u201d, sentenci\u00f3.<\/p>\n\n\n\n<figure class=\"wp-block-image size-large\"><img loading=\"lazy\" decoding=\"async\" width=\"1024\" height=\"768\" src=\"https:\/\/cordoba.gob.mx\/blog\/wp-content\/uploads\/2026\/04\/IMG_0585-1024x768.jpg\" alt=\"\" class=\"wp-image-1575\" srcset=\"https:\/\/cordoba.gob.mx\/blog\/wp-content\/uploads\/2026\/04\/IMG_0585-1024x768.jpg 1024w, https:\/\/cordoba.gob.mx\/blog\/wp-content\/uploads\/2026\/04\/IMG_0585-300x225.jpg 300w, https:\/\/cordoba.gob.mx\/blog\/wp-content\/uploads\/2026\/04\/IMG_0585-768x576.jpg 768w, https:\/\/cordoba.gob.mx\/blog\/wp-content\/uploads\/2026\/04\/IMG_0585.jpg 1244w\" sizes=\"auto, (max-width: 1024px) 100vw, 1024px\" \/><\/figure>\n\n\n\n<p>Finalmente, tanto el artista como la Jefatura de Deporte, hacen un llamado a los deportistas que practican sus actividades en dicha instalaci\u00f3n para conservar de manera intacta el nuevo mural.<\/p>\n","protected":false},"excerpt":{"rendered":"<p>C\u00f3rdoba, Ver., 25 de marzo del 2026.- La Jefatura de Deporte del Ayuntamiento de C\u00f3rdoba gestion\u00f3, junto al artista urbano Aldo Hern\u00e1ndez Mondrag\u00f3n, un mural que ha quedado listo en el parque Skate, mismo que busca dar identidad a los j\u00f3venes que diariamente practican su deporte favorito en dicha instalaci\u00f3n municipal. Previamente la Jefatura de [&hellip;]<\/p>\n","protected":false},"author":1,"featured_media":1572,"comment_status":"closed","ping_status":"open","sticky":false,"template":"","format":"standard","meta":{"footnotes":""},"categories":[1],"tags":[],"class_list":["post-1571","post","type-post","status-publish","format-standard","has-post-thumbnail","hentry","category-general"],"_links":{"self":[{"href":"https:\/\/cordoba.gob.mx\/blog\/wp-json\/wp\/v2\/posts\/1571","targetHints":{"allow":["GET"]}}],"collection":[{"href":"https:\/\/cordoba.gob.mx\/blog\/wp-json\/wp\/v2\/posts"}],"about":[{"href":"https:\/\/cordoba.gob.mx\/blog\/wp-json\/wp\/v2\/types\/post"}],"author":[{"embeddable":true,"href":"https:\/\/cordoba.gob.mx\/blog\/wp-json\/wp\/v2\/users\/1"}],"replies":[{"embeddable":true,"href":"https:\/\/cordoba.gob.mx\/blog\/wp-json\/wp\/v2\/comments?post=1571"}],"version-history":[{"count":1,"href":"https:\/\/cordoba.gob.mx\/blog\/wp-json\/wp\/v2\/posts\/1571\/revisions"}],"predecessor-version":[{"id":1576,"href":"https:\/\/cordoba.gob.mx\/blog\/wp-json\/wp\/v2\/posts\/1571\/revisions\/1576"}],"wp:featuredmedia":[{"embeddable":true,"href":"https:\/\/cordoba.gob.mx\/blog\/wp-json\/wp\/v2\/media\/1572"}],"wp:attachment":[{"href":"https:\/\/cordoba.gob.mx\/blog\/wp-json\/wp\/v2\/media?parent=1571"}],"wp:term":[{"taxonomy":"category","embeddable":true,"href":"https:\/\/cordoba.gob.mx\/blog\/wp-json\/wp\/v2\/categories?post=1571"},{"taxonomy":"post_tag","embeddable":true,"href":"https:\/\/cordoba.gob.mx\/blog\/wp-json\/wp\/v2\/tags?post=1571"}],"curies":[{"name":"wp","href":"https:\/\/api.w.org\/{rel}","templated":true}]}}