{"id":1602,"date":"2026-04-01T09:18:09","date_gmt":"2026-04-01T15:18:09","guid":{"rendered":"https:\/\/cordoba.gob.mx\/blog\/?p=1602"},"modified":"2026-04-21T09:18:16","modified_gmt":"2026-04-21T15:18:16","slug":"desfile-de-grupos-folkloricos-infantiles-llena-de-color-y-tradicion-las-calles-de-cordoba","status":"publish","type":"post","link":"https:\/\/cordoba.gob.mx\/blog\/desfile-de-grupos-folkloricos-infantiles-llena-de-color-y-tradicion-las-calles-de-cordoba\/","title":{"rendered":"Desfile de grupos folkl\u00f3ricos infantiles llena de color y tradici\u00f3n las calles de C\u00f3rdoba"},"content":{"rendered":"\n<p>C\u00f3rdoba, Ver. a 1 de abril del 2026 &#8211; En un ambiente lleno de alegr\u00eda, cultura y tradici\u00f3n, realiz\u00f3 a<br>cabo el Desfile de Grupos Folkl\u00f3ricos Infantil de diferentes municipios, donde ni\u00f1as, ni\u00f1os y j\u00f3venes<br>demostraron su talento art\u00edstico a trav\u00e9s de la danza, m\u00fasica y expresiones representativas de<br>diversas regiones de M\u00e9xico y del mundo.<\/p>\n\n\n\n<figure class=\"wp-block-image size-large\"><img loading=\"lazy\" decoding=\"async\" width=\"1024\" height=\"683\" src=\"https:\/\/cordoba.gob.mx\/blog\/wp-content\/uploads\/2026\/04\/DESFILE-FOLKLOR-INFANTIL1-1024x683.jpeg\" alt=\"\" class=\"wp-image-1604\" srcset=\"https:\/\/cordoba.gob.mx\/blog\/wp-content\/uploads\/2026\/04\/DESFILE-FOLKLOR-INFANTIL1-1024x683.jpeg 1024w, https:\/\/cordoba.gob.mx\/blog\/wp-content\/uploads\/2026\/04\/DESFILE-FOLKLOR-INFANTIL1-300x200.jpeg 300w, https:\/\/cordoba.gob.mx\/blog\/wp-content\/uploads\/2026\/04\/DESFILE-FOLKLOR-INFANTIL1-768x512.jpeg 768w, https:\/\/cordoba.gob.mx\/blog\/wp-content\/uploads\/2026\/04\/DESFILE-FOLKLOR-INFANTIL1.jpeg 1280w\" sizes=\"auto, (max-width: 1024px) 100vw, 1024px\" \/><\/figure>\n\n\n\n<p>El recorrido se realiz\u00f3 por las principales avenidas del centro de la ciudad, congregando a familias<br>cordobesas y visitantes, quienes disfrutaron de un espect\u00e1culo lleno de color, identidad y orgullo<br>cultural.<\/p>\n\n\n\n<figure class=\"wp-block-image size-large\"><img loading=\"lazy\" decoding=\"async\" width=\"1024\" height=\"683\" src=\"https:\/\/cordoba.gob.mx\/blog\/wp-content\/uploads\/2026\/04\/DESFILE-FOLKLOR-INFANTIL5-1024x683.jpeg\" alt=\"\" class=\"wp-image-1608\" srcset=\"https:\/\/cordoba.gob.mx\/blog\/wp-content\/uploads\/2026\/04\/DESFILE-FOLKLOR-INFANTIL5-1024x683.jpeg 1024w, https:\/\/cordoba.gob.mx\/blog\/wp-content\/uploads\/2026\/04\/DESFILE-FOLKLOR-INFANTIL5-300x200.jpeg 300w, https:\/\/cordoba.gob.mx\/blog\/wp-content\/uploads\/2026\/04\/DESFILE-FOLKLOR-INFANTIL5-768x512.jpeg 768w, https:\/\/cordoba.gob.mx\/blog\/wp-content\/uploads\/2026\/04\/DESFILE-FOLKLOR-INFANTIL5.jpeg 1280w\" sizes=\"auto, (max-width: 1024px) 100vw, 1024px\" \/><\/figure>\n\n\n\n<p>El desfile cont\u00f3 con la participaci\u00f3n de destacados contingentes, entre ellos: Dragones Marching<br>Band, Plataforma de Banderas y Vidanza M\u00e9xico; as\u00ed como la participaci\u00f3n internacional de Serbia<br>con \u201cTalija\u201d Art Company, adem\u00e1s de la Compa\u00f1\u00eda de Danza Folkl\u00f3rica Hueyitlatoani y la Escuela<br>Primaria \u00darsulo Galv\u00e1n Matutina, acompa\u00f1ados por exhibici\u00f3n de autos cl\u00e1sicos.<\/p>\n\n\n\n<figure class=\"wp-block-image size-large is-resized\"><img loading=\"lazy\" decoding=\"async\" width=\"1024\" height=\"683\" src=\"https:\/\/cordoba.gob.mx\/blog\/wp-content\/uploads\/2026\/04\/DESFILE-FOLKLOR-INFANTIL3-1024x683.jpeg\" alt=\"\" class=\"wp-image-1606\" style=\"width:1024px;height:auto\" srcset=\"https:\/\/cordoba.gob.mx\/blog\/wp-content\/uploads\/2026\/04\/DESFILE-FOLKLOR-INFANTIL3-1024x683.jpeg 1024w, https:\/\/cordoba.gob.mx\/blog\/wp-content\/uploads\/2026\/04\/DESFILE-FOLKLOR-INFANTIL3-300x200.jpeg 300w, https:\/\/cordoba.gob.mx\/blog\/wp-content\/uploads\/2026\/04\/DESFILE-FOLKLOR-INFANTIL3-768x512.jpeg 768w, https:\/\/cordoba.gob.mx\/blog\/wp-content\/uploads\/2026\/04\/DESFILE-FOLKLOR-INFANTIL3.jpeg 1280w\" sizes=\"auto, (max-width: 1024px) 100vw, 1024px\" \/><\/figure>\n\n\n\n<p>Tambi\u00e9n se sumaron representantes de Chile con \u201cBAFOCHI\u201d Ballet Folkl\u00f3rico de Chile, la Compa\u00f1\u00eda<br>Folkl\u00f3rica Izel, la Escuela Primaria Juan Francisco Escutia y la Compa\u00f1\u00eda de Danza Folkl\u00f3rica<br>Cuezcomatl Infantil, junto a la Plataforma Festival de la Salsa.<\/p>\n\n\n\n<figure class=\"wp-block-image size-large\"><img loading=\"lazy\" decoding=\"async\" width=\"1024\" height=\"683\" src=\"https:\/\/cordoba.gob.mx\/blog\/wp-content\/uploads\/2026\/04\/DESFILE-FOLKLOR-INFANTIL5-1024x683.jpeg\" alt=\"\" class=\"wp-image-1608\" srcset=\"https:\/\/cordoba.gob.mx\/blog\/wp-content\/uploads\/2026\/04\/DESFILE-FOLKLOR-INFANTIL5-1024x683.jpeg 1024w, https:\/\/cordoba.gob.mx\/blog\/wp-content\/uploads\/2026\/04\/DESFILE-FOLKLOR-INFANTIL5-300x200.jpeg 300w, https:\/\/cordoba.gob.mx\/blog\/wp-content\/uploads\/2026\/04\/DESFILE-FOLKLOR-INFANTIL5-768x512.jpeg 768w, https:\/\/cordoba.gob.mx\/blog\/wp-content\/uploads\/2026\/04\/DESFILE-FOLKLOR-INFANTIL5.jpeg 1280w\" sizes=\"auto, (max-width: 1024px) 100vw, 1024px\" \/><\/figure>\n\n\n\n<p>Desde Colombia particip\u00f3 la Corporaci\u00f3n Cultural Danzar de Armenia, Quind\u00edo, as\u00ed como el Ballet<br>Folkl\u00f3rico de Fort\u00edn A.C., el Taller de Danza Folkl\u00f3rica Ra\u00edces y Cachorros Marching Band. De igual<br>forma, se cont\u00f3 con la presencia internacional de Islas Cook con Karioi Niu Dance Troupe, la<br>Academia de Danza Huitzilin de Amatl\u00e1n de los Reyes, Balletcito Toxpan y exhibici\u00f3n de autos BYD.<\/p>\n\n\n\n<figure class=\"wp-block-image size-large\"><img loading=\"lazy\" decoding=\"async\" width=\"1024\" height=\"683\" src=\"https:\/\/cordoba.gob.mx\/blog\/wp-content\/uploads\/2026\/04\/DESFILE-FOLKLOR-INFANTIL-1024x683.jpg\" alt=\"\" class=\"wp-image-1611\" srcset=\"https:\/\/cordoba.gob.mx\/blog\/wp-content\/uploads\/2026\/04\/DESFILE-FOLKLOR-INFANTIL-1024x683.jpg 1024w, https:\/\/cordoba.gob.mx\/blog\/wp-content\/uploads\/2026\/04\/DESFILE-FOLKLOR-INFANTIL-300x200.jpg 300w, https:\/\/cordoba.gob.mx\/blog\/wp-content\/uploads\/2026\/04\/DESFILE-FOLKLOR-INFANTIL-768x512.jpg 768w, https:\/\/cordoba.gob.mx\/blog\/wp-content\/uploads\/2026\/04\/DESFILE-FOLKLOR-INFANTIL.jpg 1280w\" sizes=\"auto, (max-width: 1024px) 100vw, 1024px\" \/><\/figure>\n\n\n\n<p>El desfile tambi\u00e9n integr\u00f3 la participaci\u00f3n de Espa\u00f1a con la Rondalla Pe\u00f1a de la Fragatina, el Grupo<br>Folkl\u00f3rico \u201cXochiquetzalli\u201d, Ballet Folkl\u00f3rico Tomatl\u00e1n, Ballet Folcl\u00f3rico Kueponi, Grupo de Danza<br>Folkl\u00f3rica Yolotzin y Tlacuachines Marching Band.<\/p>\n\n\n\n<figure class=\"wp-block-image size-large\"><img loading=\"lazy\" decoding=\"async\" width=\"1024\" height=\"683\" src=\"https:\/\/cordoba.gob.mx\/blog\/wp-content\/uploads\/2026\/04\/DESFILE-FOLKLOR-INFANTIL2-1024x683.jpeg\" alt=\"\" class=\"wp-image-1605\" srcset=\"https:\/\/cordoba.gob.mx\/blog\/wp-content\/uploads\/2026\/04\/DESFILE-FOLKLOR-INFANTIL2-1024x683.jpeg 1024w, https:\/\/cordoba.gob.mx\/blog\/wp-content\/uploads\/2026\/04\/DESFILE-FOLKLOR-INFANTIL2-300x200.jpeg 300w, https:\/\/cordoba.gob.mx\/blog\/wp-content\/uploads\/2026\/04\/DESFILE-FOLKLOR-INFANTIL2-768x512.jpeg 768w, https:\/\/cordoba.gob.mx\/blog\/wp-content\/uploads\/2026\/04\/DESFILE-FOLKLOR-INFANTIL2.jpeg 1280w\" sizes=\"auto, (max-width: 1024px) 100vw, 1024px\" \/><\/figure>\n\n\n\n<p>Cabe mencionar que se cont\u00f3 con la presencia en el pres\u00eddium de autoridades municipales: la<br>Presidenta del DIF Municipal, Carolina Mendivil de Alonso; la S\u00edndica \u00danica, Irene Sedas Gonz\u00e1lez,<br>la Regidora Primera, Mar\u00eda \u00c1ngela Ordinola Camarillo; la Regidora Tercera, Glorisel Ixmatlahua<br>Rodr\u00edguez; la Regidora Cuarta, Itzel L\u00f3pez Gonz\u00e1lez; la Regidora Quinta, Nayibe Sacre Gonz\u00e1lez; el<br>Secretario Particular, Luis D\u00edaz Barriga; el Secretario del Ayuntamiento, Carlos F\u00e9lix Hern\u00e1ndez<br>Salgado; la Directora del FIF, Jessica Navarro Galanraymond; y en representaci\u00f3n de la Regidur\u00eda<br>S\u00e9ptima, Ren\u00e9 Sol\u00eds S\u00e1nchez, los cuales aplaudieron y reconocieron a cada uno de los participantes<br>del recorrido.<\/p>\n\n\n\n<p>Este evento fortalece y promueve el intercambio cultural entre naciones, posicionando a C\u00f3rdoba<br>como un referente en la difusi\u00f3n de las tradiciones. A trav\u00e9s de estas expresiones art\u00edsticas, el<br>Ayuntamiento de C\u00f3rdoba refrenda su compromiso por impulsar el arte, la cultura y la sana<br>convivencia, fomentando en las nuevas generaciones el amor por sus ra\u00edces y costumbres.<\/p>\n","protected":false},"excerpt":{"rendered":"<p>C\u00f3rdoba, Ver. a 1 de abril del 2026 &#8211; En un ambiente lleno de alegr\u00eda, cultura y tradici\u00f3n, realiz\u00f3 acabo el Desfile de Grupos Folkl\u00f3ricos Infantil de diferentes municipios, donde ni\u00f1as, ni\u00f1os y j\u00f3venesdemostraron su talento art\u00edstico a trav\u00e9s de la danza, m\u00fasica y expresiones representativas dediversas regiones de M\u00e9xico y del mundo. El recorrido [&hellip;]<\/p>\n","protected":false},"author":1,"featured_media":0,"comment_status":"closed","ping_status":"open","sticky":false,"template":"","format":"standard","meta":{"footnotes":""},"categories":[1],"tags":[],"class_list":["post-1602","post","type-post","status-publish","format-standard","hentry","category-general"],"_links":{"self":[{"href":"https:\/\/cordoba.gob.mx\/blog\/wp-json\/wp\/v2\/posts\/1602","targetHints":{"allow":["GET"]}}],"collection":[{"href":"https:\/\/cordoba.gob.mx\/blog\/wp-json\/wp\/v2\/posts"}],"about":[{"href":"https:\/\/cordoba.gob.mx\/blog\/wp-json\/wp\/v2\/types\/post"}],"author":[{"embeddable":true,"href":"https:\/\/cordoba.gob.mx\/blog\/wp-json\/wp\/v2\/users\/1"}],"replies":[{"embeddable":true,"href":"https:\/\/cordoba.gob.mx\/blog\/wp-json\/wp\/v2\/comments?post=1602"}],"version-history":[{"count":1,"href":"https:\/\/cordoba.gob.mx\/blog\/wp-json\/wp\/v2\/posts\/1602\/revisions"}],"predecessor-version":[{"id":1620,"href":"https:\/\/cordoba.gob.mx\/blog\/wp-json\/wp\/v2\/posts\/1602\/revisions\/1620"}],"wp:attachment":[{"href":"https:\/\/cordoba.gob.mx\/blog\/wp-json\/wp\/v2\/media?parent=1602"}],"wp:term":[{"taxonomy":"category","embeddable":true,"href":"https:\/\/cordoba.gob.mx\/blog\/wp-json\/wp\/v2\/categories?post=1602"},{"taxonomy":"post_tag","embeddable":true,"href":"https:\/\/cordoba.gob.mx\/blog\/wp-json\/wp\/v2\/tags?post=1602"}],"curies":[{"name":"wp","href":"https:\/\/api.w.org\/{rel}","templated":true}]}}