{"id":1626,"date":"2026-04-02T09:21:34","date_gmt":"2026-04-02T15:21:34","guid":{"rendered":"https:\/\/cordoba.gob.mx\/blog\/?p=1626"},"modified":"2026-04-21T09:27:05","modified_gmt":"2026-04-21T15:27:05","slug":"fif-2026-cierra-con-celebracion-de-hermandad-entre-naciones","status":"publish","type":"post","link":"https:\/\/cordoba.gob.mx\/blog\/fif-2026-cierra-con-celebracion-de-hermandad-entre-naciones\/","title":{"rendered":"FIF 2026 cierra con celebraci\u00f3n de hermandad entre naciones"},"content":{"rendered":"\n<p>C\u00f3rdoba, Ver., 02 de abril de 2026. \u2013 El Festival Internacional del Folkl\u00f3re (FIF) va llegando a su final, y la noche del mi\u00e9rcoles se realiz\u00f3 la la clausura oficial junto con el \u00faltimo Foro Internacional, todo sobre la Explanada del Parque 21 de Mayo donde se consolid\u00f3 una celebraci\u00f3n que reuni\u00f3 la riqueza cultural de las naciones.<\/p>\n\n\n\n<figure class=\"wp-block-image size-large\"><img loading=\"lazy\" decoding=\"async\" width=\"682\" height=\"1024\" src=\"https:\/\/cordoba.gob.mx\/blog\/wp-content\/uploads\/2026\/04\/CIERRE-FIF1-682x1024.jpg\" alt=\"\" class=\"wp-image-1627\" srcset=\"https:\/\/cordoba.gob.mx\/blog\/wp-content\/uploads\/2026\/04\/CIERRE-FIF1-682x1024.jpg 682w, https:\/\/cordoba.gob.mx\/blog\/wp-content\/uploads\/2026\/04\/CIERRE-FIF1-200x300.jpg 200w, https:\/\/cordoba.gob.mx\/blog\/wp-content\/uploads\/2026\/04\/CIERRE-FIF1-768x1153.jpg 768w, https:\/\/cordoba.gob.mx\/blog\/wp-content\/uploads\/2026\/04\/CIERRE-FIF1-1023x1536.jpg 1023w, https:\/\/cordoba.gob.mx\/blog\/wp-content\/uploads\/2026\/04\/CIERRE-FIF1.jpg 1066w\" sizes=\"auto, (max-width: 682px) 100vw, 682px\" \/><\/figure>\n\n\n\n<p>Manuel Alonso Cerezo, presidente municipal, acompa\u00f1ado de su esposa la presidenta del Sistema Municipal DIF, Carolina Mend\u00edvil de Alonso, as\u00ed como de su hijo Manuel Alonso Mend\u00edvil quienes, junto al p\u00fablico cordob\u00e9s y visitantes de la ciudad, disfrutaron de este \u00faltimo foro internacional en su d\u00e9cima edici\u00f3n.<\/p>\n\n\n\n<p>As\u00ed mismo estuvieron presentes la sindica \u00fanica, Irene Sedas Gonzales; regidora cuarta Itzel L\u00f3pez Gonz\u00e1lez; regidora quinta Nayibe Sacre Gonz\u00e1lez; regidora s\u00e9ptima Nhesma Faride Telis Arano; regidora octava Claudia Olga de La Huerta Manjarrez; regidor d\u00e9cimo Jos\u00e9 Javier Medina Rahme; as\u00ed como de la directora del FIF 2026, Jessica Navarro Galanraymond.<\/p>\n\n\n\n<figure class=\"wp-block-image size-large\"><img loading=\"lazy\" decoding=\"async\" width=\"682\" height=\"1024\" src=\"https:\/\/cordoba.gob.mx\/blog\/wp-content\/uploads\/2026\/04\/CIERRE-FIF2-682x1024.jpg\" alt=\"\" class=\"wp-image-1628\" srcset=\"https:\/\/cordoba.gob.mx\/blog\/wp-content\/uploads\/2026\/04\/CIERRE-FIF2-682x1024.jpg 682w, https:\/\/cordoba.gob.mx\/blog\/wp-content\/uploads\/2026\/04\/CIERRE-FIF2-200x300.jpg 200w, https:\/\/cordoba.gob.mx\/blog\/wp-content\/uploads\/2026\/04\/CIERRE-FIF2-768x1153.jpg 768w, https:\/\/cordoba.gob.mx\/blog\/wp-content\/uploads\/2026\/04\/CIERRE-FIF2-1023x1536.jpg 1023w, https:\/\/cordoba.gob.mx\/blog\/wp-content\/uploads\/2026\/04\/CIERRE-FIF2.jpg 1066w\" sizes=\"auto, (max-width: 682px) 100vw, 682px\" \/><\/figure>\n\n\n\n<p>Cabe mencionar que durante este \u00faltimo Foro Internacional todas las delegaciones se presentaron para despedir a la ciudad. As\u00ed que partici\u00f3n el Ballet Folkl\u00f3rico de Chile (BAFOCHI) en representaci\u00f3n de Chile; la Corporaci\u00f3n Cultural Danzar de Armenia Quind\u00edo, representando Colombia; la Rondalla Pe\u00f1a Fragatina, de Espa\u00f1a; Mere Maine-More, de Islas Cook; Talia Art Company, de Serbia, y la Compa\u00f1\u00eda Folk\u00f3rica Vidanza Mexico quienes ofrecieron una \u00faltima puesta en escena de su riqueza cultural a trav\u00e9s de danzas, m\u00fasica y expresiones art\u00edsticas que reflejan la identidad de cada naci\u00f3n.<\/p>\n\n\n\n<p>Durante la ceremonia de clausura, la directora del festival, Jessica Navarro Galanraymond, dirigi\u00f3 un mensaje en el que destac\u00f3 la importancia de continuar posicionando a C\u00f3rdoba como una ciudad que impulsa la cultura y el intercambio internacional, reconociendo la participaci\u00f3n de cada una de las delegaciones.<\/p>\n\n\n\n<figure class=\"wp-block-image size-large\"><img loading=\"lazy\" decoding=\"async\" width=\"682\" height=\"1024\" src=\"https:\/\/cordoba.gob.mx\/blog\/wp-content\/uploads\/2026\/04\/CIERRE-FIF3-682x1024.jpg\" alt=\"\" class=\"wp-image-1629\" srcset=\"https:\/\/cordoba.gob.mx\/blog\/wp-content\/uploads\/2026\/04\/CIERRE-FIF3-682x1024.jpg 682w, https:\/\/cordoba.gob.mx\/blog\/wp-content\/uploads\/2026\/04\/CIERRE-FIF3-200x300.jpg 200w, https:\/\/cordoba.gob.mx\/blog\/wp-content\/uploads\/2026\/04\/CIERRE-FIF3-768x1153.jpg 768w, https:\/\/cordoba.gob.mx\/blog\/wp-content\/uploads\/2026\/04\/CIERRE-FIF3-1023x1536.jpg 1023w, https:\/\/cordoba.gob.mx\/blog\/wp-content\/uploads\/2026\/04\/CIERRE-FIF3.jpg 1066w\" sizes=\"auto, (max-width: 682px) 100vw, 682px\" \/><\/figure>\n\n\n\n<p>Asimismo, el presidente municipal, Manuel Alonso Cerezo, comparti\u00f3 un mensaje, en el que resalt\u00f3 el esfuerzo conjunto entre autoridades y organizadores para llevar a cabo este festival, subrayando la relevancia de la cultura como un eje fundamental para el desarrollo social, el disfrute de la ciudadan\u00eda y la proyecci\u00f3n de C\u00f3rdoba como un referente cultural.<\/p>\n\n\n\n<p>En el cierre de esta gran celebraci\u00f3n, las delegaciones realizaron presentaciones finales llenas de energ\u00eda y simbolismo, culminando con una puesta en escena conjunta en colaboraci\u00f3n con el ballet folkl\u00f3rico representante de M\u00e9xico, donde se reflej\u00f3 la amistad, el respeto y la uni\u00f3n entre las naciones participantes.<\/p>\n\n\n\n<p>El ambiente festivo se mantuvo hasta el final, cuando el p\u00fablico, entre aplausos y ovaciones, core\u00f3 los nombres de las delegaciones y particip\u00f3 en un baile colectivo que llen\u00f3 de alegr\u00eda la explanada del parque 21 de Mayo, sellando as\u00ed una despedida emotiva e inolvidable.<\/p>\n\n\n\n<figure class=\"wp-block-image size-large\"><img loading=\"lazy\" decoding=\"async\" width=\"682\" height=\"1024\" src=\"https:\/\/cordoba.gob.mx\/blog\/wp-content\/uploads\/2026\/04\/CIERRE-FIF4-682x1024.jpg\" alt=\"\" class=\"wp-image-1630\" srcset=\"https:\/\/cordoba.gob.mx\/blog\/wp-content\/uploads\/2026\/04\/CIERRE-FIF4-682x1024.jpg 682w, https:\/\/cordoba.gob.mx\/blog\/wp-content\/uploads\/2026\/04\/CIERRE-FIF4-200x300.jpg 200w, https:\/\/cordoba.gob.mx\/blog\/wp-content\/uploads\/2026\/04\/CIERRE-FIF4-768x1153.jpg 768w, https:\/\/cordoba.gob.mx\/blog\/wp-content\/uploads\/2026\/04\/CIERRE-FIF4-1023x1536.jpg 1023w, https:\/\/cordoba.gob.mx\/blog\/wp-content\/uploads\/2026\/04\/CIERRE-FIF4.jpg 1066w\" sizes=\"auto, (max-width: 682px) 100vw, 682px\" \/><\/figure>\n\n\n\n<p>Este jueves, en el \u00faltimo d\u00eda de actividades, en el Teatro Pedro D\u00edaz se desarrollar\u00e1 la Gala de Despedida con la participaci\u00f3n de Vidanza M\u00e9xico, y adem\u00e1s el FIF 2026 llegar\u00e1 a la Laguna del Porvenir con la participaci\u00f3n de las delegaciones de Colombia, Islas Cook y Espa\u00f1a, y tambi\u00e9n en San Rafael Caler\u00eda donde estar\u00e1n demostrando todo su talento las delegaciones de Chile y Serbia.<\/p>\n\n\n\n<figure class=\"wp-block-image size-large\"><img loading=\"lazy\" decoding=\"async\" width=\"682\" height=\"1024\" src=\"https:\/\/cordoba.gob.mx\/blog\/wp-content\/uploads\/2026\/04\/CIERRE-FIF5-682x1024.jpg\" alt=\"\" class=\"wp-image-1631\" srcset=\"https:\/\/cordoba.gob.mx\/blog\/wp-content\/uploads\/2026\/04\/CIERRE-FIF5-682x1024.jpg 682w, https:\/\/cordoba.gob.mx\/blog\/wp-content\/uploads\/2026\/04\/CIERRE-FIF5-200x300.jpg 200w, https:\/\/cordoba.gob.mx\/blog\/wp-content\/uploads\/2026\/04\/CIERRE-FIF5-768x1153.jpg 768w, https:\/\/cordoba.gob.mx\/blog\/wp-content\/uploads\/2026\/04\/CIERRE-FIF5-1023x1536.jpg 1023w, https:\/\/cordoba.gob.mx\/blog\/wp-content\/uploads\/2026\/04\/CIERRE-FIF5.jpg 1066w\" sizes=\"auto, (max-width: 682px) 100vw, 682px\" \/><\/figure>\n\n\n\n<p>Con esta clausura, el Ayuntamiento de C\u00f3rdoba refrenda su compromiso de seguir impulsando espacios culturales que fortalezcan la identidad, promuevan la convivencia y consoliden a la ciudad como un punto de encuentro para las tradiciones del mundo.<\/p>\n","protected":false},"excerpt":{"rendered":"<p>C\u00f3rdoba, Ver., 02 de abril de 2026. \u2013 El Festival Internacional del Folkl\u00f3re (FIF) va llegando a su final, y la noche del mi\u00e9rcoles se realiz\u00f3 la la clausura oficial junto con el \u00faltimo Foro Internacional, todo sobre la Explanada del Parque 21 de Mayo donde se consolid\u00f3 una celebraci\u00f3n que reuni\u00f3 la riqueza cultural [&hellip;]<\/p>\n","protected":false},"author":1,"featured_media":1632,"comment_status":"closed","ping_status":"open","sticky":false,"template":"","format":"standard","meta":{"footnotes":""},"categories":[1],"tags":[],"class_list":["post-1626","post","type-post","status-publish","format-standard","has-post-thumbnail","hentry","category-general"],"_links":{"self":[{"href":"https:\/\/cordoba.gob.mx\/blog\/wp-json\/wp\/v2\/posts\/1626","targetHints":{"allow":["GET"]}}],"collection":[{"href":"https:\/\/cordoba.gob.mx\/blog\/wp-json\/wp\/v2\/posts"}],"about":[{"href":"https:\/\/cordoba.gob.mx\/blog\/wp-json\/wp\/v2\/types\/post"}],"author":[{"embeddable":true,"href":"https:\/\/cordoba.gob.mx\/blog\/wp-json\/wp\/v2\/users\/1"}],"replies":[{"embeddable":true,"href":"https:\/\/cordoba.gob.mx\/blog\/wp-json\/wp\/v2\/comments?post=1626"}],"version-history":[{"count":1,"href":"https:\/\/cordoba.gob.mx\/blog\/wp-json\/wp\/v2\/posts\/1626\/revisions"}],"predecessor-version":[{"id":1635,"href":"https:\/\/cordoba.gob.mx\/blog\/wp-json\/wp\/v2\/posts\/1626\/revisions\/1635"}],"wp:featuredmedia":[{"embeddable":true,"href":"https:\/\/cordoba.gob.mx\/blog\/wp-json\/wp\/v2\/media\/1632"}],"wp:attachment":[{"href":"https:\/\/cordoba.gob.mx\/blog\/wp-json\/wp\/v2\/media?parent=1626"}],"wp:term":[{"taxonomy":"category","embeddable":true,"href":"https:\/\/cordoba.gob.mx\/blog\/wp-json\/wp\/v2\/categories?post=1626"},{"taxonomy":"post_tag","embeddable":true,"href":"https:\/\/cordoba.gob.mx\/blog\/wp-json\/wp\/v2\/tags?post=1626"}],"curies":[{"name":"wp","href":"https:\/\/api.w.org\/{rel}","templated":true}]}}