{"id":1639,"date":"2026-04-02T09:28:37","date_gmt":"2026-04-02T15:28:37","guid":{"rendered":"https:\/\/cordoba.gob.mx\/blog\/?p=1639"},"modified":"2026-04-21T09:31:24","modified_gmt":"2026-04-21T15:31:24","slug":"vidanza-mexico-despide-a-delegaciones-extranjeras","status":"publish","type":"post","link":"https:\/\/cordoba.gob.mx\/blog\/vidanza-mexico-despide-a-delegaciones-extranjeras\/","title":{"rendered":"Vidanza M\u00e9xico despide a delegaciones extranjeras"},"content":{"rendered":"\n<p>C\u00f3rdoba, Ver., 02 de abril de 2026. \u2013 El Teatro Pedro D\u00edaz este jueves fue el marco de la llamada Gala de Despedida a cargo de Vidanza M\u00e9xico; ante un lleno total, Jessica Navarro Galanraymond, directora del Festival Internacional del Folkl\u00f3re (FIF), agradeci\u00f3 al presidente municipal, Manuel Alonso Cerezo, y el cuerpo edilicio, por el apoyo brindado al evento que cumple diez a\u00f1os de historia.<\/p>\n\n\n\n<figure class=\"wp-block-image size-large\"><img loading=\"lazy\" decoding=\"async\" width=\"1024\" height=\"681\" src=\"https:\/\/cordoba.gob.mx\/blog\/wp-content\/uploads\/2026\/04\/vidanza-2-1024x681.jpg\" alt=\"\" class=\"wp-image-1641\" srcset=\"https:\/\/cordoba.gob.mx\/blog\/wp-content\/uploads\/2026\/04\/vidanza-2-1024x681.jpg 1024w, https:\/\/cordoba.gob.mx\/blog\/wp-content\/uploads\/2026\/04\/vidanza-2-300x200.jpg 300w, https:\/\/cordoba.gob.mx\/blog\/wp-content\/uploads\/2026\/04\/vidanza-2-768x511.jpg 768w, https:\/\/cordoba.gob.mx\/blog\/wp-content\/uploads\/2026\/04\/vidanza-2-1536x1022.jpg 1536w, https:\/\/cordoba.gob.mx\/blog\/wp-content\/uploads\/2026\/04\/vidanza-2.jpg 2048w\" sizes=\"auto, (max-width: 1024px) 100vw, 1024px\" \/><\/figure>\n\n\n\n<p>Y en el escenario Vidanza M\u00e9xico deleit\u00f3 a los espectadores con bailables t\u00edpicos de los estados de Puebla, Nayarit, Sinaloa, Nuevo Le\u00f3n, y Veracruz; tanto el grupo infantil como juveniles y adultos, dejaron sus mejores pasos y se robaron los aplausos de los asistentes.<\/p>\n\n\n\n<figure class=\"wp-block-image size-large\"><img loading=\"lazy\" decoding=\"async\" width=\"1024\" height=\"681\" src=\"https:\/\/cordoba.gob.mx\/blog\/wp-content\/uploads\/2026\/04\/vidanza-3-1024x681.jpg\" alt=\"\" class=\"wp-image-1642\" srcset=\"https:\/\/cordoba.gob.mx\/blog\/wp-content\/uploads\/2026\/04\/vidanza-3-1024x681.jpg 1024w, https:\/\/cordoba.gob.mx\/blog\/wp-content\/uploads\/2026\/04\/vidanza-3-300x200.jpg 300w, https:\/\/cordoba.gob.mx\/blog\/wp-content\/uploads\/2026\/04\/vidanza-3-768x511.jpg 768w, https:\/\/cordoba.gob.mx\/blog\/wp-content\/uploads\/2026\/04\/vidanza-3-1536x1022.jpg 1536w, https:\/\/cordoba.gob.mx\/blog\/wp-content\/uploads\/2026\/04\/vidanza-3.jpg 2048w\" sizes=\"auto, (max-width: 1024px) 100vw, 1024px\" \/><\/figure>\n\n\n\n<p>Manuel Alonso Cerezo, primera autoridad, estuvo acompa\u00f1ado de su esposa Carolina Mend\u00edvil de Alonso, presidenta del Sistema DIF Municipal, su hijo Manuel Alonso Mend\u00edvil, la s\u00edndica \u00fanica, Irene Sedas Gonz\u00e1lez, los regidores Mar\u00eda \u00c1ngela Ordinola Camarillo, regidora primera, Glorisel Ixmatlahua Rodr\u00edguez, regidora tercera, Itzel L\u00f3pez Gonz\u00e1lez, regidora cuarta, Jaqueline Rodr\u00edguez Berista\u00edn, regidora sexta, y Nhesma Faride Telis Arano, regidora s\u00e9ptima, as\u00ed como de coordinadores y jefes de \u00e1rea.<\/p>\n\n\n\n<figure class=\"wp-block-image size-large\"><img loading=\"lazy\" decoding=\"async\" width=\"1024\" height=\"681\" src=\"https:\/\/cordoba.gob.mx\/blog\/wp-content\/uploads\/2026\/04\/vidanza-4-1024x681.jpg\" alt=\"\" class=\"wp-image-1643\" srcset=\"https:\/\/cordoba.gob.mx\/blog\/wp-content\/uploads\/2026\/04\/vidanza-4-1024x681.jpg 1024w, https:\/\/cordoba.gob.mx\/blog\/wp-content\/uploads\/2026\/04\/vidanza-4-300x200.jpg 300w, https:\/\/cordoba.gob.mx\/blog\/wp-content\/uploads\/2026\/04\/vidanza-4-768x511.jpg 768w, https:\/\/cordoba.gob.mx\/blog\/wp-content\/uploads\/2026\/04\/vidanza-4-1536x1022.jpg 1536w, https:\/\/cordoba.gob.mx\/blog\/wp-content\/uploads\/2026\/04\/vidanza-4.jpg 2048w\" sizes=\"auto, (max-width: 1024px) 100vw, 1024px\" \/><\/figure>\n\n\n\n<figure class=\"wp-block-image size-large\"><img loading=\"lazy\" decoding=\"async\" width=\"1024\" height=\"681\" src=\"https:\/\/cordoba.gob.mx\/blog\/wp-content\/uploads\/2026\/04\/vidanza-5-1024x681.jpg\" alt=\"\" class=\"wp-image-1644\" srcset=\"https:\/\/cordoba.gob.mx\/blog\/wp-content\/uploads\/2026\/04\/vidanza-5-1024x681.jpg 1024w, https:\/\/cordoba.gob.mx\/blog\/wp-content\/uploads\/2026\/04\/vidanza-5-300x200.jpg 300w, https:\/\/cordoba.gob.mx\/blog\/wp-content\/uploads\/2026\/04\/vidanza-5-768x511.jpg 768w, https:\/\/cordoba.gob.mx\/blog\/wp-content\/uploads\/2026\/04\/vidanza-5-1536x1022.jpg 1536w, https:\/\/cordoba.gob.mx\/blog\/wp-content\/uploads\/2026\/04\/vidanza-5.jpg 2048w\" sizes=\"auto, (max-width: 1024px) 100vw, 1024px\" \/><\/figure>\n\n\n\n<p>Tras la brillante presentaci\u00f3n de Vidanza M\u00e9xico, las delegaciones de Chile con el Ballet Folkl\u00f3rico de Chile (BAFOCHI), Colombia por la Corporaci\u00f3n Cultural Danzar de Armenia Quind\u00edo, Rondalla Pe\u00f1a Fragatina de Espa\u00f1a, Talia Art Company de Serbia, y Karioi Nui Dance Group de Islas Cook, entregaron presentes a Jessica Navarro Galanraymond, directora del FIF.<\/p>\n\n\n\n<figure class=\"wp-block-image size-large\"><img loading=\"lazy\" decoding=\"async\" width=\"1024\" height=\"681\" src=\"https:\/\/cordoba.gob.mx\/blog\/wp-content\/uploads\/2026\/04\/vidanza-6-1024x681.jpg\" alt=\"\" class=\"wp-image-1645\" srcset=\"https:\/\/cordoba.gob.mx\/blog\/wp-content\/uploads\/2026\/04\/vidanza-6-1024x681.jpg 1024w, https:\/\/cordoba.gob.mx\/blog\/wp-content\/uploads\/2026\/04\/vidanza-6-300x200.jpg 300w, https:\/\/cordoba.gob.mx\/blog\/wp-content\/uploads\/2026\/04\/vidanza-6-768x511.jpg 768w, https:\/\/cordoba.gob.mx\/blog\/wp-content\/uploads\/2026\/04\/vidanza-6-1536x1022.jpg 1536w, https:\/\/cordoba.gob.mx\/blog\/wp-content\/uploads\/2026\/04\/vidanza-6.jpg 2048w\" sizes=\"auto, (max-width: 1024px) 100vw, 1024px\" \/><\/figure>\n\n\n\n<figure class=\"wp-block-image size-large\"><img loading=\"lazy\" decoding=\"async\" width=\"1024\" height=\"681\" src=\"https:\/\/cordoba.gob.mx\/blog\/wp-content\/uploads\/2026\/04\/vidanza-7-1024x681.jpg\" alt=\"\" class=\"wp-image-1646\" srcset=\"https:\/\/cordoba.gob.mx\/blog\/wp-content\/uploads\/2026\/04\/vidanza-7-1024x681.jpg 1024w, https:\/\/cordoba.gob.mx\/blog\/wp-content\/uploads\/2026\/04\/vidanza-7-300x200.jpg 300w, https:\/\/cordoba.gob.mx\/blog\/wp-content\/uploads\/2026\/04\/vidanza-7-768x511.jpg 768w, https:\/\/cordoba.gob.mx\/blog\/wp-content\/uploads\/2026\/04\/vidanza-7-1536x1022.jpg 1536w, https:\/\/cordoba.gob.mx\/blog\/wp-content\/uploads\/2026\/04\/vidanza-7.jpg 2048w\" sizes=\"auto, (max-width: 1024px) 100vw, 1024px\" \/><\/figure>\n\n\n\n<figure class=\"wp-block-image size-large\"><img loading=\"lazy\" decoding=\"async\" width=\"1024\" height=\"681\" src=\"https:\/\/cordoba.gob.mx\/blog\/wp-content\/uploads\/2026\/04\/vidanza-8-1024x681.jpg\" alt=\"\" class=\"wp-image-1647\" srcset=\"https:\/\/cordoba.gob.mx\/blog\/wp-content\/uploads\/2026\/04\/vidanza-8-1024x681.jpg 1024w, https:\/\/cordoba.gob.mx\/blog\/wp-content\/uploads\/2026\/04\/vidanza-8-300x200.jpg 300w, https:\/\/cordoba.gob.mx\/blog\/wp-content\/uploads\/2026\/04\/vidanza-8-768x511.jpg 768w, https:\/\/cordoba.gob.mx\/blog\/wp-content\/uploads\/2026\/04\/vidanza-8-1536x1022.jpg 1536w, https:\/\/cordoba.gob.mx\/blog\/wp-content\/uploads\/2026\/04\/vidanza-8.jpg 2048w\" sizes=\"auto, (max-width: 1024px) 100vw, 1024px\" \/><\/figure>\n\n\n\n<p>Manuel Alonso Cerezo reconoci\u00f3 a los participantes tanto extranjeros como nacionales, y asegur\u00f3 que C\u00f3rdoba continuar\u00e1 impulsando el arte, la cultura y el turismo. Esta tarde en las \u00faltimas actividades del FIF, en San Rafael Caler\u00eda estar\u00e1n en presentaci\u00f3n las delegaciones de Serbia y Chile, mientras que los representantes de Colombia, Islas Cook y Espa\u00f1a, engalanar\u00e1n la Laguna del Porvenir con el llamado &#8216;Festival en tu comunidad&#8217;; lo anterior marcar\u00e1 el cierre de la d\u00e9cima edici\u00f3n del FIF.<\/p>\n","protected":false},"excerpt":{"rendered":"<p>C\u00f3rdoba, Ver., 02 de abril de 2026. \u2013 El Teatro Pedro D\u00edaz este jueves fue el marco de la llamada Gala de Despedida a cargo de Vidanza M\u00e9xico; ante un lleno total, Jessica Navarro Galanraymond, directora del Festival Internacional del Folkl\u00f3re (FIF), agradeci\u00f3 al presidente municipal, Manuel Alonso Cerezo, y el cuerpo edilicio, por el [&hellip;]<\/p>\n","protected":false},"author":1,"featured_media":1640,"comment_status":"closed","ping_status":"open","sticky":false,"template":"","format":"standard","meta":{"footnotes":""},"categories":[1],"tags":[],"class_list":["post-1639","post","type-post","status-publish","format-standard","has-post-thumbnail","hentry","category-general"],"_links":{"self":[{"href":"https:\/\/cordoba.gob.mx\/blog\/wp-json\/wp\/v2\/posts\/1639","targetHints":{"allow":["GET"]}}],"collection":[{"href":"https:\/\/cordoba.gob.mx\/blog\/wp-json\/wp\/v2\/posts"}],"about":[{"href":"https:\/\/cordoba.gob.mx\/blog\/wp-json\/wp\/v2\/types\/post"}],"author":[{"embeddable":true,"href":"https:\/\/cordoba.gob.mx\/blog\/wp-json\/wp\/v2\/users\/1"}],"replies":[{"embeddable":true,"href":"https:\/\/cordoba.gob.mx\/blog\/wp-json\/wp\/v2\/comments?post=1639"}],"version-history":[{"count":1,"href":"https:\/\/cordoba.gob.mx\/blog\/wp-json\/wp\/v2\/posts\/1639\/revisions"}],"predecessor-version":[{"id":1649,"href":"https:\/\/cordoba.gob.mx\/blog\/wp-json\/wp\/v2\/posts\/1639\/revisions\/1649"}],"wp:featuredmedia":[{"embeddable":true,"href":"https:\/\/cordoba.gob.mx\/blog\/wp-json\/wp\/v2\/media\/1640"}],"wp:attachment":[{"href":"https:\/\/cordoba.gob.mx\/blog\/wp-json\/wp\/v2\/media?parent=1639"}],"wp:term":[{"taxonomy":"category","embeddable":true,"href":"https:\/\/cordoba.gob.mx\/blog\/wp-json\/wp\/v2\/categories?post=1639"},{"taxonomy":"post_tag","embeddable":true,"href":"https:\/\/cordoba.gob.mx\/blog\/wp-json\/wp\/v2\/tags?post=1639"}],"curies":[{"name":"wp","href":"https:\/\/api.w.org\/{rel}","templated":true}]}}