{"id":1648,"date":"2026-03-28T09:30:00","date_gmt":"2026-03-28T15:30:00","guid":{"rendered":"https:\/\/cordoba.gob.mx\/blog\/?p=1648"},"modified":"2026-04-21T09:39:47","modified_gmt":"2026-04-21T15:39:47","slug":"cordoba-inaugura-la-decima-edicion-del-festival-internacional-folklore-cordoba-2026","status":"publish","type":"post","link":"https:\/\/cordoba.gob.mx\/blog\/cordoba-inaugura-la-decima-edicion-del-festival-internacional-folklore-cordoba-2026\/","title":{"rendered":"C\u00f3rdoba inaugura la d\u00e9cima edici\u00f3n del Festival Internacional \u201cFolklore C\u00f3rdoba 2026\u201d"},"content":{"rendered":"\n<p>C\u00f3rdoba, Ver., 28 de marzo de 2026.- En un ambiente lleno de color, m\u00fasica y tradici\u00f3n, el Ayuntamiento de C\u00f3rdoba, a trav\u00e9s de la Coordinaci\u00f3n de Bienestar Social, la Jefatura de Cultura y la Compa\u00f1\u00eda de Danza Folkl\u00f3rica Vidanza, llev\u00f3 a cabo la inauguraci\u00f3n de la d\u00e9cima edici\u00f3n del Festival Internacional Folklore C\u00f3rdoba 2026, consolid\u00e1ndose como uno de los encuentros culturales m\u00e1s importantes de la regi\u00f3n.<\/p>\n\n\n\n<p>Durante esta edici\u00f3n, se cont\u00f3 con la destacada participaci\u00f3n de delegaciones nacionales e internacionales que enriquecieron el escenario con la diversidad de sus expresiones art\u00edsticas. Entre los grupos participantes estuvieron: Ballet Folkl\u00f3rico de Chile BAFOCHI (Chile), Corporaci\u00f3n Cultural Danzar (Colombia), Rondalla Pe\u00f1a Fragatina (Espa\u00f1a), Karioi Nui Dance Troup (Islas Cook), Talija Art Company (Serbia), Grupo Folkl\u00f3rico Centeotl (Oaxaca), Ballet Folkl\u00f3rico Internacional Gustavo Vaquera de la Secretar\u00eda de Educaci\u00f3n de Zacatecas, as\u00ed como la Compa\u00f1\u00eda Folkl\u00f3rica Vidanza (Veracruz).<\/p>\n\n\n\n<figure class=\"wp-block-image size-large\"><img loading=\"lazy\" decoding=\"async\" width=\"1024\" height=\"683\" src=\"https:\/\/cordoba.gob.mx\/blog\/wp-content\/uploads\/2026\/04\/FIF-INICIO-7-1024x683.jpg\" alt=\"\" class=\"wp-image-1664\" srcset=\"https:\/\/cordoba.gob.mx\/blog\/wp-content\/uploads\/2026\/04\/FIF-INICIO-7-1024x683.jpg 1024w, https:\/\/cordoba.gob.mx\/blog\/wp-content\/uploads\/2026\/04\/FIF-INICIO-7-300x200.jpg 300w, https:\/\/cordoba.gob.mx\/blog\/wp-content\/uploads\/2026\/04\/FIF-INICIO-7-768x512.jpg 768w, https:\/\/cordoba.gob.mx\/blog\/wp-content\/uploads\/2026\/04\/FIF-INICIO-7-1536x1025.jpg 1536w, https:\/\/cordoba.gob.mx\/blog\/wp-content\/uploads\/2026\/04\/FIF-INICIO-7.jpg 2048w\" sizes=\"auto, (max-width: 1024px) 100vw, 1024px\" \/><\/figure>\n\n\n\n<figure class=\"wp-block-image size-large\"><img loading=\"lazy\" decoding=\"async\" width=\"1024\" height=\"683\" src=\"https:\/\/cordoba.gob.mx\/blog\/wp-content\/uploads\/2026\/04\/FIF-INICIO-8-1024x683.jpg\" alt=\"\" class=\"wp-image-1670\" srcset=\"https:\/\/cordoba.gob.mx\/blog\/wp-content\/uploads\/2026\/04\/FIF-INICIO-8-1024x683.jpg 1024w, https:\/\/cordoba.gob.mx\/blog\/wp-content\/uploads\/2026\/04\/FIF-INICIO-8-300x200.jpg 300w, https:\/\/cordoba.gob.mx\/blog\/wp-content\/uploads\/2026\/04\/FIF-INICIO-8-768x512.jpg 768w, https:\/\/cordoba.gob.mx\/blog\/wp-content\/uploads\/2026\/04\/FIF-INICIO-8-1536x1025.jpg 1536w, https:\/\/cordoba.gob.mx\/blog\/wp-content\/uploads\/2026\/04\/FIF-INICIO-8.jpg 2048w\" sizes=\"auto, (max-width: 1024px) 100vw, 1024px\" \/><\/figure>\n\n\n\n<p>El acto inaugural estuvo encabezado por el presidente municipal, Manuel Alonso Cerezo, acompa\u00f1ado por la presidenta del Sistema Municipal DIF C\u00f3rdoba, Carolina Mend\u00edvil de Alonso; la S\u00edndica \u00danica Municipal, Irene Sedas Gonz\u00e1lez; as\u00ed como el cuerpo edilicio integrado por la Regidora Primera, Mar\u00eda \u00c1ngela Ordinola Camarillo; en representaci\u00f3n de la regidur\u00eda segunda, Fernando Parra Andrade; la Regidora Cuarta, Itzel L\u00f3pez Gonz\u00e1lez; la Regidora Quinta, Nayibe Sacre Gonz\u00e1lez; la Regidora Sexta, Jaqueline Rodr\u00edguez Beristain; la Regidora S\u00e9ptima, Nhesma Faride Telis Arano; la Regidora Octava, Claudia Olga de la Huerta Manjarrez; y el Regidor D\u00e9cimo, Jos\u00e9 Medina Rahme.<\/p>\n\n\n\n<figure class=\"wp-block-image size-large\"><img loading=\"lazy\" decoding=\"async\" width=\"1024\" height=\"683\" src=\"https:\/\/cordoba.gob.mx\/blog\/wp-content\/uploads\/2026\/04\/FIF-INICIO-2-1024x683.jpg\" alt=\"\" class=\"wp-image-1672\" srcset=\"https:\/\/cordoba.gob.mx\/blog\/wp-content\/uploads\/2026\/04\/FIF-INICIO-2-1024x683.jpg 1024w, https:\/\/cordoba.gob.mx\/blog\/wp-content\/uploads\/2026\/04\/FIF-INICIO-2-300x200.jpg 300w, https:\/\/cordoba.gob.mx\/blog\/wp-content\/uploads\/2026\/04\/FIF-INICIO-2-768x512.jpg 768w, https:\/\/cordoba.gob.mx\/blog\/wp-content\/uploads\/2026\/04\/FIF-INICIO-2-1536x1025.jpg 1536w, https:\/\/cordoba.gob.mx\/blog\/wp-content\/uploads\/2026\/04\/FIF-INICIO-2.jpg 2048w\" sizes=\"auto, (max-width: 1024px) 100vw, 1024px\" \/><\/figure>\n\n\n\n<p>Asimismo, se cont\u00f3 con la presencia de la Coordinadora de Bienestar Social, Dennis Lira Tosqui; el jefe de Educaci\u00f3n, Jos\u00e9 Manuel Espinosa Garc\u00eda; Jessica Navarro Galanraymond, directora FIF; Mario Guerra Armencol, representante de IOV y de L\u00edderes Mexicanos A.C.; y como invitado especial, el Lic. Manuel Alonso Mend\u00edvil.<\/p>\n\n\n\n<p>En su mensaje, el presidente municipal expres\u00f3 que para su administraci\u00f3n es un honor recibir por primera vez este importante festival, destacando que se trata de un evento lleno de alegr\u00eda, cultura y tradici\u00f3n que fortalece la identidad y el intercambio cultural entre los pueblos. Asimismo, dio la bienvenida a todas las delegaciones participantes y asistentes.<\/p>\n\n\n\n<figure class=\"wp-block-image size-large\"><img loading=\"lazy\" decoding=\"async\" width=\"1024\" height=\"683\" src=\"https:\/\/cordoba.gob.mx\/blog\/wp-content\/uploads\/2026\/04\/FIF-INICIO-10-1024x683.jpg\" alt=\"\" class=\"wp-image-1673\" srcset=\"https:\/\/cordoba.gob.mx\/blog\/wp-content\/uploads\/2026\/04\/FIF-INICIO-10-1024x683.jpg 1024w, https:\/\/cordoba.gob.mx\/blog\/wp-content\/uploads\/2026\/04\/FIF-INICIO-10-300x200.jpg 300w, https:\/\/cordoba.gob.mx\/blog\/wp-content\/uploads\/2026\/04\/FIF-INICIO-10-768x512.jpg 768w, https:\/\/cordoba.gob.mx\/blog\/wp-content\/uploads\/2026\/04\/FIF-INICIO-10-1536x1025.jpg 1536w, https:\/\/cordoba.gob.mx\/blog\/wp-content\/uploads\/2026\/04\/FIF-INICIO-10.jpg 2048w\" sizes=\"auto, (max-width: 1024px) 100vw, 1024px\" \/><\/figure>\n\n\n\n<figure class=\"wp-block-image size-large\"><img loading=\"lazy\" decoding=\"async\" width=\"1024\" height=\"683\" src=\"https:\/\/cordoba.gob.mx\/blog\/wp-content\/uploads\/2026\/04\/FIF-INICIO-9-1024x683.jpg\" alt=\"\" class=\"wp-image-1674\" srcset=\"https:\/\/cordoba.gob.mx\/blog\/wp-content\/uploads\/2026\/04\/FIF-INICIO-9-1024x683.jpg 1024w, https:\/\/cordoba.gob.mx\/blog\/wp-content\/uploads\/2026\/04\/FIF-INICIO-9-300x200.jpg 300w, https:\/\/cordoba.gob.mx\/blog\/wp-content\/uploads\/2026\/04\/FIF-INICIO-9-768x512.jpg 768w, https:\/\/cordoba.gob.mx\/blog\/wp-content\/uploads\/2026\/04\/FIF-INICIO-9-1536x1025.jpg 1536w, https:\/\/cordoba.gob.mx\/blog\/wp-content\/uploads\/2026\/04\/FIF-INICIO-9.jpg 2048w\" sizes=\"auto, (max-width: 1024px) 100vw, 1024px\" \/><\/figure>\n\n\n\n<p>Finalmente, el alcalde declar\u00f3 formalmente inaugurada la d\u00e9cima edici\u00f3n del Festival Internacional Folklore C\u00f3rdoba 2026, reafirmando el compromiso del Ayuntamiento con la promoci\u00f3n de la cultura y las tradiciones.<\/p>\n","protected":false},"excerpt":{"rendered":"<p>C\u00f3rdoba, Ver., 28 de marzo de 2026.- En un ambiente lleno de color, m\u00fasica y tradici\u00f3n, el Ayuntamiento de C\u00f3rdoba, a trav\u00e9s de la Coordinaci\u00f3n de Bienestar Social, la Jefatura de Cultura y la Compa\u00f1\u00eda de Danza Folkl\u00f3rica Vidanza, llev\u00f3 a cabo la inauguraci\u00f3n de la d\u00e9cima edici\u00f3n del Festival Internacional Folklore C\u00f3rdoba 2026, consolid\u00e1ndose [&hellip;]<\/p>\n","protected":false},"author":1,"featured_media":1662,"comment_status":"closed","ping_status":"open","sticky":false,"template":"","format":"standard","meta":{"footnotes":""},"categories":[1],"tags":[],"class_list":["post-1648","post","type-post","status-publish","format-standard","has-post-thumbnail","hentry","category-general"],"_links":{"self":[{"href":"https:\/\/cordoba.gob.mx\/blog\/wp-json\/wp\/v2\/posts\/1648","targetHints":{"allow":["GET"]}}],"collection":[{"href":"https:\/\/cordoba.gob.mx\/blog\/wp-json\/wp\/v2\/posts"}],"about":[{"href":"https:\/\/cordoba.gob.mx\/blog\/wp-json\/wp\/v2\/types\/post"}],"author":[{"embeddable":true,"href":"https:\/\/cordoba.gob.mx\/blog\/wp-json\/wp\/v2\/users\/1"}],"replies":[{"embeddable":true,"href":"https:\/\/cordoba.gob.mx\/blog\/wp-json\/wp\/v2\/comments?post=1648"}],"version-history":[{"count":1,"href":"https:\/\/cordoba.gob.mx\/blog\/wp-json\/wp\/v2\/posts\/1648\/revisions"}],"predecessor-version":[{"id":1675,"href":"https:\/\/cordoba.gob.mx\/blog\/wp-json\/wp\/v2\/posts\/1648\/revisions\/1675"}],"wp:featuredmedia":[{"embeddable":true,"href":"https:\/\/cordoba.gob.mx\/blog\/wp-json\/wp\/v2\/media\/1662"}],"wp:attachment":[{"href":"https:\/\/cordoba.gob.mx\/blog\/wp-json\/wp\/v2\/media?parent=1648"}],"wp:term":[{"taxonomy":"category","embeddable":true,"href":"https:\/\/cordoba.gob.mx\/blog\/wp-json\/wp\/v2\/categories?post=1648"},{"taxonomy":"post_tag","embeddable":true,"href":"https:\/\/cordoba.gob.mx\/blog\/wp-json\/wp\/v2\/tags?post=1648"}],"curies":[{"name":"wp","href":"https:\/\/api.w.org\/{rel}","templated":true}]}}