{"id":1650,"date":"2026-04-02T09:31:31","date_gmt":"2026-04-02T15:31:31","guid":{"rendered":"https:\/\/cordoba.gob.mx\/blog\/?p=1650"},"modified":"2026-04-21T09:34:46","modified_gmt":"2026-04-21T15:34:46","slug":"porvenir-y-san-rafael-caleria-se-llenan-de-cultura-y-tradicion-con-el-festival-internacional-del-folklore","status":"publish","type":"post","link":"https:\/\/cordoba.gob.mx\/blog\/porvenir-y-san-rafael-caleria-se-llenan-de-cultura-y-tradicion-con-el-festival-internacional-del-folklore\/","title":{"rendered":"Porvenir y San Rafael Caler\u00eda se llenan de cultura y tradici\u00f3n con el Festival Internacional del Folklore"},"content":{"rendered":"\n<p>C\u00f3rdoba Ver a. 2 de abril del 2026.- El Ayuntamiento de C\u00f3rdoba contin\u00faa impulsando la riqueza cultural a trav\u00e9s del Festival Internacional del Folklore, llevando presentaciones art\u00edsticas a distintos puntos del municipio, con la participaci\u00f3n de agrupaciones locales, nacionales e internacionales.<\/p>\n\n\n\n<figure class=\"wp-block-image size-large\"><img loading=\"lazy\" decoding=\"async\" width=\"1024\" height=\"683\" src=\"https:\/\/cordoba.gob.mx\/blog\/wp-content\/uploads\/2026\/04\/comunidad-2-1024x683.jpg\" alt=\"\" class=\"wp-image-1652\" srcset=\"https:\/\/cordoba.gob.mx\/blog\/wp-content\/uploads\/2026\/04\/comunidad-2-1024x683.jpg 1024w, https:\/\/cordoba.gob.mx\/blog\/wp-content\/uploads\/2026\/04\/comunidad-2-300x200.jpg 300w, https:\/\/cordoba.gob.mx\/blog\/wp-content\/uploads\/2026\/04\/comunidad-2-768x512.jpg 768w, https:\/\/cordoba.gob.mx\/blog\/wp-content\/uploads\/2026\/04\/comunidad-2-1536x1025.jpg 1536w, https:\/\/cordoba.gob.mx\/blog\/wp-content\/uploads\/2026\/04\/comunidad-2.jpg 2048w\" sizes=\"auto, (max-width: 1024px) 100vw, 1024px\" \/><\/figure>\n\n\n\n<figure class=\"wp-block-image size-large\"><img loading=\"lazy\" decoding=\"async\" width=\"1024\" height=\"683\" src=\"https:\/\/cordoba.gob.mx\/blog\/wp-content\/uploads\/2026\/04\/comunidad-3-1024x683.jpg\" alt=\"\" class=\"wp-image-1653\" srcset=\"https:\/\/cordoba.gob.mx\/blog\/wp-content\/uploads\/2026\/04\/comunidad-3-1024x683.jpg 1024w, https:\/\/cordoba.gob.mx\/blog\/wp-content\/uploads\/2026\/04\/comunidad-3-300x200.jpg 300w, https:\/\/cordoba.gob.mx\/blog\/wp-content\/uploads\/2026\/04\/comunidad-3-768x512.jpg 768w, https:\/\/cordoba.gob.mx\/blog\/wp-content\/uploads\/2026\/04\/comunidad-3-1536x1025.jpg 1536w, https:\/\/cordoba.gob.mx\/blog\/wp-content\/uploads\/2026\/04\/comunidad-3.jpg 2048w\" sizes=\"auto, (max-width: 1024px) 100vw, 1024px\" \/><\/figure>\n\n\n\n<p>Cabe mencionar que, en el domo de San Rafael Caler\u00eda, se cont\u00f3 con la destacada presencia del presidente municipal, Manuel Alonso Cerezo; la presidenta del Sistema Municipal DIF, Carolina Mend\u00edvil de Alonso; el secretario particular Luis D\u00edaz Barriga; la regidora s\u00e9ptima, Nhesma Faride Telis Arano; as\u00ed como Jessica Navarro Galanraymond, directora del Festival Internacional del Folklore.<\/p>\n\n\n\n<figure class=\"wp-block-image size-large\"><img loading=\"lazy\" decoding=\"async\" width=\"1024\" height=\"683\" src=\"https:\/\/cordoba.gob.mx\/blog\/wp-content\/uploads\/2026\/04\/comunidad-4-1024x683.jpg\" alt=\"\" class=\"wp-image-1654\" srcset=\"https:\/\/cordoba.gob.mx\/blog\/wp-content\/uploads\/2026\/04\/comunidad-4-1024x683.jpg 1024w, https:\/\/cordoba.gob.mx\/blog\/wp-content\/uploads\/2026\/04\/comunidad-4-300x200.jpg 300w, https:\/\/cordoba.gob.mx\/blog\/wp-content\/uploads\/2026\/04\/comunidad-4-768x512.jpg 768w, https:\/\/cordoba.gob.mx\/blog\/wp-content\/uploads\/2026\/04\/comunidad-4-1536x1025.jpg 1536w, https:\/\/cordoba.gob.mx\/blog\/wp-content\/uploads\/2026\/04\/comunidad-4.jpg 2048w\" sizes=\"auto, (max-width: 1024px) 100vw, 1024px\" \/><\/figure>\n\n\n\n<figure class=\"wp-block-image size-large\"><img loading=\"lazy\" decoding=\"async\" width=\"1024\" height=\"683\" src=\"https:\/\/cordoba.gob.mx\/blog\/wp-content\/uploads\/2026\/04\/comunidad-5-1024x683.jpg\" alt=\"\" class=\"wp-image-1655\" srcset=\"https:\/\/cordoba.gob.mx\/blog\/wp-content\/uploads\/2026\/04\/comunidad-5-1024x683.jpg 1024w, https:\/\/cordoba.gob.mx\/blog\/wp-content\/uploads\/2026\/04\/comunidad-5-300x200.jpg 300w, https:\/\/cordoba.gob.mx\/blog\/wp-content\/uploads\/2026\/04\/comunidad-5-768x512.jpg 768w, https:\/\/cordoba.gob.mx\/blog\/wp-content\/uploads\/2026\/04\/comunidad-5-1536x1025.jpg 1536w, https:\/\/cordoba.gob.mx\/blog\/wp-content\/uploads\/2026\/04\/comunidad-5.jpg 2048w\" sizes=\"auto, (max-width: 1024px) 100vw, 1024px\" \/><\/figure>\n\n\n\n<p>Durante esta jornada, el p\u00fablico disfrut\u00f3 de la participaci\u00f3n de las delegaciones de Chile y Serbia, quienes compartieron la riqueza de sus tradiciones a trav\u00e9s de la danza y la m\u00fasica. Asimismo, se presentaron la Compa\u00f1\u00eda Folklore Izel y el grupo Tlali Nanti, destacando el talento local y el compromiso por preservar las ra\u00edces culturales.<\/p>\n\n\n\n<figure class=\"wp-block-image size-large\"><img loading=\"lazy\" decoding=\"async\" width=\"1024\" height=\"683\" src=\"https:\/\/cordoba.gob.mx\/blog\/wp-content\/uploads\/2026\/04\/comunidad-6-1024x683.jpg\" alt=\"\" class=\"wp-image-1656\" srcset=\"https:\/\/cordoba.gob.mx\/blog\/wp-content\/uploads\/2026\/04\/comunidad-6-1024x683.jpg 1024w, https:\/\/cordoba.gob.mx\/blog\/wp-content\/uploads\/2026\/04\/comunidad-6-300x200.jpg 300w, https:\/\/cordoba.gob.mx\/blog\/wp-content\/uploads\/2026\/04\/comunidad-6-768x512.jpg 768w, https:\/\/cordoba.gob.mx\/blog\/wp-content\/uploads\/2026\/04\/comunidad-6-1536x1025.jpg 1536w, https:\/\/cordoba.gob.mx\/blog\/wp-content\/uploads\/2026\/04\/comunidad-6.jpg 2048w\" sizes=\"auto, (max-width: 1024px) 100vw, 1024px\" \/><\/figure>\n\n\n\n<figure class=\"wp-block-image size-large\"><img loading=\"lazy\" decoding=\"async\" width=\"1024\" height=\"683\" src=\"https:\/\/cordoba.gob.mx\/blog\/wp-content\/uploads\/2026\/04\/comunidad-7-1024x683.jpg\" alt=\"\" class=\"wp-image-1657\" srcset=\"https:\/\/cordoba.gob.mx\/blog\/wp-content\/uploads\/2026\/04\/comunidad-7-1024x683.jpg 1024w, https:\/\/cordoba.gob.mx\/blog\/wp-content\/uploads\/2026\/04\/comunidad-7-300x200.jpg 300w, https:\/\/cordoba.gob.mx\/blog\/wp-content\/uploads\/2026\/04\/comunidad-7-768x512.jpg 768w, https:\/\/cordoba.gob.mx\/blog\/wp-content\/uploads\/2026\/04\/comunidad-7-1536x1025.jpg 1536w, https:\/\/cordoba.gob.mx\/blog\/wp-content\/uploads\/2026\/04\/comunidad-7.jpg 2048w\" sizes=\"auto, (max-width: 1024px) 100vw, 1024px\" \/><\/figure>\n\n\n\n<p>Como parte de las actividades del festival, de igual manera en la Laguna del Porvenir se realiz\u00f3 la presentaci\u00f3n de las delegaciones de Espa\u00f1a, Colombia e Islas Cook, quienes ofrecieron espect\u00e1culos llenos de color, ritmo y tradici\u00f3n, fortaleciendo el intercambio cultural entre los pueblos.<\/p>\n\n\n\n<figure class=\"wp-block-image size-large\"><img loading=\"lazy\" decoding=\"async\" width=\"1024\" height=\"683\" src=\"https:\/\/cordoba.gob.mx\/blog\/wp-content\/uploads\/2026\/04\/comunidad-8-1024x683.jpg\" alt=\"\" class=\"wp-image-1658\" srcset=\"https:\/\/cordoba.gob.mx\/blog\/wp-content\/uploads\/2026\/04\/comunidad-8-1024x683.jpg 1024w, https:\/\/cordoba.gob.mx\/blog\/wp-content\/uploads\/2026\/04\/comunidad-8-300x200.jpg 300w, https:\/\/cordoba.gob.mx\/blog\/wp-content\/uploads\/2026\/04\/comunidad-8-768x512.jpg 768w, https:\/\/cordoba.gob.mx\/blog\/wp-content\/uploads\/2026\/04\/comunidad-8-1536x1025.jpg 1536w, https:\/\/cordoba.gob.mx\/blog\/wp-content\/uploads\/2026\/04\/comunidad-8.jpg 2048w\" sizes=\"auto, (max-width: 1024px) 100vw, 1024px\" \/><\/figure>\n\n\n\n<figure class=\"wp-block-image size-large\"><img loading=\"lazy\" decoding=\"async\" width=\"1024\" height=\"682\" src=\"https:\/\/cordoba.gob.mx\/blog\/wp-content\/uploads\/2026\/04\/comunidad-9-1024x682.jpg\" alt=\"\" class=\"wp-image-1659\" srcset=\"https:\/\/cordoba.gob.mx\/blog\/wp-content\/uploads\/2026\/04\/comunidad-9-1024x682.jpg 1024w, https:\/\/cordoba.gob.mx\/blog\/wp-content\/uploads\/2026\/04\/comunidad-9-300x200.jpg 300w, https:\/\/cordoba.gob.mx\/blog\/wp-content\/uploads\/2026\/04\/comunidad-9-768x512.jpg 768w, https:\/\/cordoba.gob.mx\/blog\/wp-content\/uploads\/2026\/04\/comunidad-9.jpg 1280w\" sizes=\"auto, (max-width: 1024px) 100vw, 1024px\" \/><\/figure>\n\n\n\n<p>En su mensaje, el presidente municipal expres\u00f3 que la idea es acercar todos estos grandes eventos a todas las comunidades que conforman C\u00f3rdoba, con el objetivo de que la cultura llegue a cada rinc\u00f3n del municipio y sea disfrutada por todas y todos.<\/p>\n\n\n\n<figure class=\"wp-block-image size-large\"><img loading=\"lazy\" decoding=\"async\" width=\"1024\" height=\"683\" src=\"https:\/\/cordoba.gob.mx\/blog\/wp-content\/uploads\/2026\/04\/comunidad-10-1024x683.jpg\" alt=\"\" class=\"wp-image-1660\" srcset=\"https:\/\/cordoba.gob.mx\/blog\/wp-content\/uploads\/2026\/04\/comunidad-10-1024x683.jpg 1024w, https:\/\/cordoba.gob.mx\/blog\/wp-content\/uploads\/2026\/04\/comunidad-10-300x200.jpg 300w, https:\/\/cordoba.gob.mx\/blog\/wp-content\/uploads\/2026\/04\/comunidad-10-768x512.jpg 768w, https:\/\/cordoba.gob.mx\/blog\/wp-content\/uploads\/2026\/04\/comunidad-10-1536x1025.jpg 1536w, https:\/\/cordoba.gob.mx\/blog\/wp-content\/uploads\/2026\/04\/comunidad-10.jpg 2048w\" sizes=\"auto, (max-width: 1024px) 100vw, 1024px\" \/><\/figure>\n\n\n\n<p>De esta manera, el Ayuntamiento de C\u00f3rdoba contin\u00faa promoviendo iniciativas culturales que acercan el arte a la ciudadan\u00eda, promoviendo la participaci\u00f3n social y el reconocimiento de la diversidad cultural.<\/p>\n","protected":false},"excerpt":{"rendered":"<p>C\u00f3rdoba Ver a. 2 de abril del 2026.- El Ayuntamiento de C\u00f3rdoba contin\u00faa impulsando la riqueza cultural a trav\u00e9s del Festival Internacional del Folklore, llevando presentaciones art\u00edsticas a distintos puntos del municipio, con la participaci\u00f3n de agrupaciones locales, nacionales e internacionales. Cabe mencionar que, en el domo de San Rafael Caler\u00eda, se cont\u00f3 con la [&hellip;]<\/p>\n","protected":false},"author":1,"featured_media":1651,"comment_status":"closed","ping_status":"open","sticky":false,"template":"","format":"standard","meta":{"footnotes":""},"categories":[1],"tags":[],"class_list":["post-1650","post","type-post","status-publish","format-standard","has-post-thumbnail","hentry","category-general"],"_links":{"self":[{"href":"https:\/\/cordoba.gob.mx\/blog\/wp-json\/wp\/v2\/posts\/1650","targetHints":{"allow":["GET"]}}],"collection":[{"href":"https:\/\/cordoba.gob.mx\/blog\/wp-json\/wp\/v2\/posts"}],"about":[{"href":"https:\/\/cordoba.gob.mx\/blog\/wp-json\/wp\/v2\/types\/post"}],"author":[{"embeddable":true,"href":"https:\/\/cordoba.gob.mx\/blog\/wp-json\/wp\/v2\/users\/1"}],"replies":[{"embeddable":true,"href":"https:\/\/cordoba.gob.mx\/blog\/wp-json\/wp\/v2\/comments?post=1650"}],"version-history":[{"count":1,"href":"https:\/\/cordoba.gob.mx\/blog\/wp-json\/wp\/v2\/posts\/1650\/revisions"}],"predecessor-version":[{"id":1661,"href":"https:\/\/cordoba.gob.mx\/blog\/wp-json\/wp\/v2\/posts\/1650\/revisions\/1661"}],"wp:featuredmedia":[{"embeddable":true,"href":"https:\/\/cordoba.gob.mx\/blog\/wp-json\/wp\/v2\/media\/1651"}],"wp:attachment":[{"href":"https:\/\/cordoba.gob.mx\/blog\/wp-json\/wp\/v2\/media?parent=1650"}],"wp:term":[{"taxonomy":"category","embeddable":true,"href":"https:\/\/cordoba.gob.mx\/blog\/wp-json\/wp\/v2\/categories?post=1650"},{"taxonomy":"post_tag","embeddable":true,"href":"https:\/\/cordoba.gob.mx\/blog\/wp-json\/wp\/v2\/tags?post=1650"}],"curies":[{"name":"wp","href":"https:\/\/api.w.org\/{rel}","templated":true}]}}