{"id":1676,"date":"2026-03-29T09:40:00","date_gmt":"2026-03-29T15:40:00","guid":{"rendered":"https:\/\/cordoba.gob.mx\/blog\/?p=1676"},"modified":"2026-04-21T09:44:53","modified_gmt":"2026-04-21T15:44:53","slug":"desfilan-delegaciones-del-fif-por-el-centro-historico-de-cordoba","status":"publish","type":"post","link":"https:\/\/cordoba.gob.mx\/blog\/desfilan-delegaciones-del-fif-por-el-centro-historico-de-cordoba\/","title":{"rendered":"Desfilan delegaciones del FIF por el Centro Hist\u00f3rico de C\u00f3rdoba"},"content":{"rendered":"\n<p>C\u00f3rdoba, Ver., 29 de marzo de 2026.- En el marco del segundo d\u00eda de actividades de la d\u00e9cima edici\u00f3n del Festival Internacional Folklore C\u00f3rdoba 2026, este domingo las delegaciones internacionales y nacionales participantes del evento desfilaron por el Centro Hist\u00f3rico de la ciudad.<\/p>\n\n\n\n<p>Manuel Alonso Cerezo, presidente municipal, en compa\u00f1\u00eda de su esposa Carolina Mend\u00edvil de Alonso, presidenta del Sistema DIF Municipal, Irene Sedas Gonz\u00e1lez, s\u00edndica \u00fanica, Nayibe Sacre Gonz\u00e1lez, regidora quinta, Nhesma Faride Telis Arano, regidora s\u00e9ptima, Jos\u00e9 Javier Medina Rahme, regidor d\u00e9cimo, Luis D\u00edaz Barriga, secretario de presidencia, Jessica Navarro Galanraymond, directora FIF, y Manuel Alonso Mend\u00edvil, invitado especial, entregaron reconocimientos a cada uno de las delegaciones participantes en la d\u00e9cima edici\u00f3n del FIF.<\/p>\n\n\n\n<figure class=\"wp-block-image size-large\"><img loading=\"lazy\" decoding=\"async\" width=\"1024\" height=\"682\" src=\"https:\/\/cordoba.gob.mx\/blog\/wp-content\/uploads\/2026\/04\/APERTURA-6-1024x682.jpg\" alt=\"\" class=\"wp-image-1679\" srcset=\"https:\/\/cordoba.gob.mx\/blog\/wp-content\/uploads\/2026\/04\/APERTURA-6-1024x682.jpg 1024w, https:\/\/cordoba.gob.mx\/blog\/wp-content\/uploads\/2026\/04\/APERTURA-6-300x200.jpg 300w, https:\/\/cordoba.gob.mx\/blog\/wp-content\/uploads\/2026\/04\/APERTURA-6-768x511.jpg 768w, https:\/\/cordoba.gob.mx\/blog\/wp-content\/uploads\/2026\/04\/APERTURA-6.jpg 1280w\" sizes=\"auto, (max-width: 1024px) 100vw, 1024px\" \/><\/figure>\n\n\n\n<p>El Centro Hist\u00f3rico, el Parque 21 de mayo y la Explanada del Palacio Municipal se llenaron de color, m\u00fasica y tradiciones de diversos pa\u00edses y de otros estados; el desfile se realiz\u00f3 partiendo desde la Calle de Arte y Avenida 3, haciendo el recorrido hasta la calle 13 para dar vuelta e incorporarse a la Avenida 1, finalizando en la Explanada del parque 21 de Mayo.<\/p>\n\n\n\n<figure class=\"wp-block-image size-large\"><img loading=\"lazy\" decoding=\"async\" width=\"1024\" height=\"683\" src=\"https:\/\/cordoba.gob.mx\/blog\/wp-content\/uploads\/2026\/04\/APERTURA-3-1024x683.jpg\" alt=\"\" class=\"wp-image-1680\" srcset=\"https:\/\/cordoba.gob.mx\/blog\/wp-content\/uploads\/2026\/04\/APERTURA-3-1024x683.jpg 1024w, https:\/\/cordoba.gob.mx\/blog\/wp-content\/uploads\/2026\/04\/APERTURA-3-300x200.jpg 300w, https:\/\/cordoba.gob.mx\/blog\/wp-content\/uploads\/2026\/04\/APERTURA-3-768x512.jpg 768w, https:\/\/cordoba.gob.mx\/blog\/wp-content\/uploads\/2026\/04\/APERTURA-3.jpg 1280w\" sizes=\"auto, (max-width: 1024px) 100vw, 1024px\" \/><\/figure>\n\n\n\n<p>La Mustang Marching Band de C\u00f3rdoba abri\u00f3 el desfile, seguido por la plataforma de banderas, Vidanza M\u00e9xico, Talija Art Company de Serbia, Ballet Folcl\u00f3rico de Chile, Corporaci\u00f3n Cultural Danzar de Colombia, Karioi Nui Dance Troup de Islas Cook, Rondalla de La Pe\u00f1a Fragatina de Espa\u00f1a, Grupo Folkl\u00f3rico Tlalchinoltepec, Grupo Folkl\u00f3rico Al Son de Dos R\u00edos, Festival de la Salsa, Ballet Folkl\u00f3rico Paso del Macho, Sones de mi tierra, Grupo Folkl\u00f3rico Miztli, Ballet Folkl\u00f3rico Xochiquetzalli, Compa\u00f1\u00eda de Artes Ollin Yoliztli, Ballet Folkl\u00f3rico Orizaba, Compa\u00f1\u00eda Folkl\u00f3rico San Francisco Toxpan, Ballet Folkl\u00f3rico Yali, Troyanos Marching Band, Ballet Folkl\u00f3rico Do\u00f1a Elena, Ballet Folkl\u00f3rico NIMBE, Ballet Folkl\u00f3rico Cananea, Compa\u00f1\u00eda de Danza Folkl\u00f3rica Cuezcomatl, Ballet Folkl\u00f3rico Itan de Hui, Caballeros Marching Band, Zacatecas: Internacional Ballet Folkl\u00f3rico, Compa\u00f1\u00eda Folkl\u00f3rica Izel Yanga, Folkl\u00f3rico Repique Pepe Solorio, Oaxaca, Grupo Folkl\u00f3rico Centeolt, y Marching Band Tiburones. M\u00e1s de dos mil bailarines y artistas desfilaron por las principales calles de la ciudad, destacando los ritmos de pa\u00edses como Islas Cook, Espa\u00f1a, Chile y Serbia; posterior al desfile en la Explanada del Parque 21 de Mayo arranc\u00f3 el Marat\u00f3n folkl\u00f3rico, y a las 20:00 horas dar\u00e1 comienzo la Gala Nacional con la presentaci\u00f3n del Internacional Ballet Folkl\u00f3rico de la Secretar\u00eda de Educaci\u00f3n de Zacatecas y la Gala Internacional con Talija Art Company de Serbia, ambos en el Teatro Pedro D\u00edaz.<\/p>\n","protected":false},"excerpt":{"rendered":"<p>C\u00f3rdoba, Ver., 29 de marzo de 2026.- En el marco del segundo d\u00eda de actividades de la d\u00e9cima edici\u00f3n del Festival Internacional Folklore C\u00f3rdoba 2026, este domingo las delegaciones internacionales y nacionales participantes del evento desfilaron por el Centro Hist\u00f3rico de la ciudad. Manuel Alonso Cerezo, presidente municipal, en compa\u00f1\u00eda de su esposa Carolina Mend\u00edvil [&hellip;]<\/p>\n","protected":false},"author":1,"featured_media":1677,"comment_status":"closed","ping_status":"open","sticky":false,"template":"","format":"standard","meta":{"footnotes":""},"categories":[1],"tags":[],"class_list":["post-1676","post","type-post","status-publish","format-standard","has-post-thumbnail","hentry","category-general"],"_links":{"self":[{"href":"https:\/\/cordoba.gob.mx\/blog\/wp-json\/wp\/v2\/posts\/1676","targetHints":{"allow":["GET"]}}],"collection":[{"href":"https:\/\/cordoba.gob.mx\/blog\/wp-json\/wp\/v2\/posts"}],"about":[{"href":"https:\/\/cordoba.gob.mx\/blog\/wp-json\/wp\/v2\/types\/post"}],"author":[{"embeddable":true,"href":"https:\/\/cordoba.gob.mx\/blog\/wp-json\/wp\/v2\/users\/1"}],"replies":[{"embeddable":true,"href":"https:\/\/cordoba.gob.mx\/blog\/wp-json\/wp\/v2\/comments?post=1676"}],"version-history":[{"count":1,"href":"https:\/\/cordoba.gob.mx\/blog\/wp-json\/wp\/v2\/posts\/1676\/revisions"}],"predecessor-version":[{"id":1682,"href":"https:\/\/cordoba.gob.mx\/blog\/wp-json\/wp\/v2\/posts\/1676\/revisions\/1682"}],"wp:featuredmedia":[{"embeddable":true,"href":"https:\/\/cordoba.gob.mx\/blog\/wp-json\/wp\/v2\/media\/1677"}],"wp:attachment":[{"href":"https:\/\/cordoba.gob.mx\/blog\/wp-json\/wp\/v2\/media?parent=1676"}],"wp:term":[{"taxonomy":"category","embeddable":true,"href":"https:\/\/cordoba.gob.mx\/blog\/wp-json\/wp\/v2\/categories?post=1676"},{"taxonomy":"post_tag","embeddable":true,"href":"https:\/\/cordoba.gob.mx\/blog\/wp-json\/wp\/v2\/tags?post=1676"}],"curies":[{"name":"wp","href":"https:\/\/api.w.org\/{rel}","templated":true}]}}