{"id":1683,"date":"2026-03-30T09:50:00","date_gmt":"2026-03-30T15:50:00","guid":{"rendered":"https:\/\/cordoba.gob.mx\/blog\/?p=1683"},"modified":"2026-04-21T09:58:52","modified_gmt":"2026-04-21T15:58:52","slug":"rodada-por-la-paz-recorrera-cordoba-tomatlan-ixhuatlan-del-cafe-y-amatlan-inscripciones-abiertas","status":"publish","type":"post","link":"https:\/\/cordoba.gob.mx\/blog\/rodada-por-la-paz-recorrera-cordoba-tomatlan-ixhuatlan-del-cafe-y-amatlan-inscripciones-abiertas\/","title":{"rendered":"Rodada por La Paz recorrer\u00e1 C\u00f3rdoba, Tomatl\u00e1n, Ixhuatl\u00e1n del Caf\u00e9 y Amatl\u00e1n; inscripciones abiertas"},"content":{"rendered":"\n<p>C\u00f3rdoba, Ver., 30 de marzo del 2026.- La Rodada por la Paz, que se correr\u00e1 por los municipios de Amatl\u00e1n de los Reyes, C\u00f3rdoba, Ixhuatl\u00e1n del Caf\u00e9 y Tomatl\u00e1n, se encuentra lista para desarrollarse el pr\u00f3ximo domingo 12 de abril; este lunes, autoridades los municipios mencionados y de Secretar\u00eda de Seguridad P\u00fablica, dieron m\u00e1s detalles.<\/p>\n\n\n\n<p>En Sal\u00f3n Central de C\u00f3rdoba, Manuel Alonso Cerezo, presidente municipal, acompa\u00f1o de sus hom\u00f3logos Viridiana Bret\u00f3n Feito de Ixhuatl\u00e1n, Nicol\u00e1s Prado Morales de Tomatl\u00e1n y Guillermina M\u00e9ndez L\u00f3pez de Amatl\u00e1n, adem\u00e1s de Minerva L\u00f3pez Villegas, secretaria t\u00e9cnica regional de la coordinaci\u00f3n para la Construcci\u00f3n de la Paz, Luis \u00c1ngel Vargas Miranda, director de Seguridad y Protecci\u00f3n Ciudadana, David Flores Cervantes, subdirector de Tr\u00e1nsito y Vialidad, Dennis Lira Tosqui, coordinadora de Bienestar Social, Carlos Mendoza Aguilar, subdirector de Protecci\u00f3n Civil, Oscar Noriega Cid, representante de la Jefatura de Deporte, y Enrique Arrucha Sol\u00eds del Grupo de Ciclistas Indestructibles, brindaron mayores detalles.<\/p>\n\n\n\n<p>La Rodada por la Paz se celebrar\u00e1 el pr\u00f3ximo domingo 12 de abril partiendo a las 07:00 horas desde C\u00f3rdoba, Veracruz; subir\u00e1 rumbo al municipio de Tomatl\u00e1n, y posteriormente a Ixhuatl\u00e1n, para luego tomar ruta a Amatl\u00e1n de los Reyes donde ser\u00e1 la meta del evento. Es importante recordar que es un evento totalmente gratis.<\/p>\n\n\n\n<p>Manuel Alonso Cerezo, primera autoridad de la ciudad, reconoci\u00f3 el esfuerzo en materia de seguridad realizado en conjunto con el Gobierno del Estado y Gobierno Federal. \u201cEste mensaje llevar\u00e1 el mensaje a cada rinc\u00f3n de nuestros municipios, a los grupos de ciclistas y cuerpos de protecci\u00f3n y vialidad, les expreso mi gratitud porque su entrega ser\u00e1 esencial en esta jornada\u201d; apunt\u00f3.<\/p>\n\n\n\n<p>La Rodada por la Paz es una estrategia que se realiza en todo el pa\u00eds y tiene como objetivo precisamente la promoci\u00f3n de la paz; se espera una participaci\u00f3n de 400 corredores y los primeros 100 participantes en cruzar la meta se llevar\u00e1n una medalla conmemorativa. El recorrido es un total de 60 kil\u00f3metros, iniciando en el parque 21 de Mayo y concluyendo en el municipio de Amatl\u00e1n.<\/p>\n","protected":false},"excerpt":{"rendered":"<p>C\u00f3rdoba, Ver., 30 de marzo del 2026.- La Rodada por la Paz, que se correr\u00e1 por los municipios de Amatl\u00e1n de los Reyes, C\u00f3rdoba, Ixhuatl\u00e1n del Caf\u00e9 y Tomatl\u00e1n, se encuentra lista para desarrollarse el pr\u00f3ximo domingo 12 de abril; este lunes, autoridades los municipios mencionados y de Secretar\u00eda de Seguridad P\u00fablica, dieron m\u00e1s detalles. [&hellip;]<\/p>\n","protected":false},"author":1,"featured_media":1688,"comment_status":"closed","ping_status":"open","sticky":false,"template":"","format":"standard","meta":{"footnotes":""},"categories":[1],"tags":[],"class_list":["post-1683","post","type-post","status-publish","format-standard","has-post-thumbnail","hentry","category-general"],"_links":{"self":[{"href":"https:\/\/cordoba.gob.mx\/blog\/wp-json\/wp\/v2\/posts\/1683","targetHints":{"allow":["GET"]}}],"collection":[{"href":"https:\/\/cordoba.gob.mx\/blog\/wp-json\/wp\/v2\/posts"}],"about":[{"href":"https:\/\/cordoba.gob.mx\/blog\/wp-json\/wp\/v2\/types\/post"}],"author":[{"embeddable":true,"href":"https:\/\/cordoba.gob.mx\/blog\/wp-json\/wp\/v2\/users\/1"}],"replies":[{"embeddable":true,"href":"https:\/\/cordoba.gob.mx\/blog\/wp-json\/wp\/v2\/comments?post=1683"}],"version-history":[{"count":1,"href":"https:\/\/cordoba.gob.mx\/blog\/wp-json\/wp\/v2\/posts\/1683\/revisions"}],"predecessor-version":[{"id":1690,"href":"https:\/\/cordoba.gob.mx\/blog\/wp-json\/wp\/v2\/posts\/1683\/revisions\/1690"}],"wp:featuredmedia":[{"embeddable":true,"href":"https:\/\/cordoba.gob.mx\/blog\/wp-json\/wp\/v2\/media\/1688"}],"wp:attachment":[{"href":"https:\/\/cordoba.gob.mx\/blog\/wp-json\/wp\/v2\/media?parent=1683"}],"wp:term":[{"taxonomy":"category","embeddable":true,"href":"https:\/\/cordoba.gob.mx\/blog\/wp-json\/wp\/v2\/categories?post=1683"},{"taxonomy":"post_tag","embeddable":true,"href":"https:\/\/cordoba.gob.mx\/blog\/wp-json\/wp\/v2\/tags?post=1683"}],"curies":[{"name":"wp","href":"https:\/\/api.w.org\/{rel}","templated":true}]}}