{"id":1692,"date":"2026-03-30T10:01:00","date_gmt":"2026-03-30T16:01:00","guid":{"rendered":"https:\/\/cordoba.gob.mx\/blog\/?p=1692"},"modified":"2026-04-21T10:06:10","modified_gmt":"2026-04-21T16:06:10","slug":"mundial-social-2026-llega-a-cordoba-arrancan-obras-para-la-construccion-de-dos-canchas-de-futbol-5-en-la-unidad-deportiva-30-caballeros","status":"publish","type":"post","link":"https:\/\/cordoba.gob.mx\/blog\/mundial-social-2026-llega-a-cordoba-arrancan-obras-para-la-construccion-de-dos-canchas-de-futbol-5-en-la-unidad-deportiva-30-caballeros\/","title":{"rendered":"\u2018Mundial Social 2026\u2019 llega a C\u00f3rdoba; arrancan obras para la construcci\u00f3n de dos canchas de futbol 5 en la Unidad Deportiva 30 Caballeros"},"content":{"rendered":"\n<p>C\u00f3rdoba, Ver., 30 de marzo del 2026.- La Copa Mundial de la FIFA 2026 dejar\u00e1 un enorme legado en todo el territorio mexicano, y C\u00f3rdoba gracias a la gesti\u00f3n de Manuel Alonso Cerezo, presidente municipal, y la Jefatura de Deporte que dirige Ricardo Rinc\u00f3n Espinoza, gan\u00f3 dos canchas de futbol cinco, las cuales quedar\u00e1n listas previo al arranque de la justa mundialista.<\/p>\n\n\n\n<p>El \u2018Mundial Social 2026\u2019 es una iniciativa de la Presidenta de M\u00e9xico, Claudia Sheinbaum Pardo, y de Rommel Pacheco Marrufo, director de la Comisi\u00f3n Nacional de Cultura F\u00edsica y Deporte (CONADE), el cual consiste en la construcci\u00f3n de m\u00e1s de 1200 canchas en 29 entidades del pa\u00eds.<\/p>\n\n\n\n<p>C\u00f3rdoba se beneficia con dos nuevos espacios deportivos, los cuales tendr\u00e1n una inversi\u00f3n superior a los 3.5 millones de pesos; las obras han dado comienzo en la Unidad Deportiva 30 Caballeros, y no alterar\u00e1n los campos deportivos que all\u00ed se encuentran, por lo que el recinto tendr\u00e1 una mayor oferta para la comunidad deportiva de C\u00f3rdoba.<\/p>\n\n\n\n<figure class=\"wp-block-image size-large\"><img loading=\"lazy\" decoding=\"async\" width=\"1024\" height=\"682\" src=\"https:\/\/cordoba.gob.mx\/blog\/wp-content\/uploads\/2026\/04\/CANCHA5-1024x682.jpg\" alt=\"\" class=\"wp-image-1708\" srcset=\"https:\/\/cordoba.gob.mx\/blog\/wp-content\/uploads\/2026\/04\/CANCHA5-1024x682.jpg 1024w, https:\/\/cordoba.gob.mx\/blog\/wp-content\/uploads\/2026\/04\/CANCHA5-300x200.jpg 300w, https:\/\/cordoba.gob.mx\/blog\/wp-content\/uploads\/2026\/04\/CANCHA5-768x511.jpg 768w, https:\/\/cordoba.gob.mx\/blog\/wp-content\/uploads\/2026\/04\/CANCHA5.jpg 1280w\" sizes=\"auto, (max-width: 1024px) 100vw, 1024px\" \/><\/figure>\n\n\n\n<p>Ambas canchas tendr\u00e1n una medida de 20 metros de ancho por 30 de largo, m\u00e1s dos metros de sobre cancha con una superficie total de 704 metros cuadrados; las obras incluir\u00e1n dren perimetral, cerca perimetral, pasto sint\u00e9tico, porter\u00edas, iluminaci\u00f3n y supervisi\u00f3n.<\/p>\n\n\n\n<figure class=\"wp-block-image size-large\"><img loading=\"lazy\" decoding=\"async\" width=\"1024\" height=\"681\" src=\"https:\/\/cordoba.gob.mx\/blog\/wp-content\/uploads\/2026\/04\/CANCHA-2-1024x681.jpg\" alt=\"\" class=\"wp-image-1709\" srcset=\"https:\/\/cordoba.gob.mx\/blog\/wp-content\/uploads\/2026\/04\/CANCHA-2-1024x681.jpg 1024w, https:\/\/cordoba.gob.mx\/blog\/wp-content\/uploads\/2026\/04\/CANCHA-2-300x200.jpg 300w, https:\/\/cordoba.gob.mx\/blog\/wp-content\/uploads\/2026\/04\/CANCHA-2-768x511.jpg 768w, https:\/\/cordoba.gob.mx\/blog\/wp-content\/uploads\/2026\/04\/CANCHA-2-1536x1022.jpg 1536w, https:\/\/cordoba.gob.mx\/blog\/wp-content\/uploads\/2026\/04\/CANCHA-2-2048x1362.jpg 2048w\" sizes=\"auto, (max-width: 1024px) 100vw, 1024px\" \/><\/figure>\n\n\n\n<p>El presupuesto de la obra es destinado por la Secretar\u00eda de Desarrollo Agrario, Territorial y Urbano (SEDATU). Cada cancha tiene un costo aproximado de 1.84 millones de pesos y el corte de list\u00f3n se dar\u00e1 previo a la Copa del Mundo. Es importante se\u00f1alar que una cancha se gestion\u00f3 directamente con CONADE, y la segunda es gracias a que C\u00f3rdoba es Pueblo M\u00e1gico.<\/p>\n\n\n\n<p>De esta manera, y gracias al respaldo del gobierno Federal, Estatal y la CONADE, el Ayuntamiento de C\u00f3rdoba reafirma su compromiso con el deporte, y se declara listo para la fiesta mundialista.<\/p>\n","protected":false},"excerpt":{"rendered":"<p>C\u00f3rdoba, Ver., 30 de marzo del 2026.- La Copa Mundial de la FIFA 2026 dejar\u00e1 un enorme legado en todo el territorio mexicano, y C\u00f3rdoba gracias a la gesti\u00f3n de Manuel Alonso Cerezo, presidente municipal, y la Jefatura de Deporte que dirige Ricardo Rinc\u00f3n Espinoza, gan\u00f3 dos canchas de futbol cinco, las cuales quedar\u00e1n listas [&hellip;]<\/p>\n","protected":false},"author":1,"featured_media":1699,"comment_status":"closed","ping_status":"open","sticky":false,"template":"","format":"standard","meta":{"footnotes":""},"categories":[1],"tags":[],"class_list":["post-1692","post","type-post","status-publish","format-standard","has-post-thumbnail","hentry","category-general"],"_links":{"self":[{"href":"https:\/\/cordoba.gob.mx\/blog\/wp-json\/wp\/v2\/posts\/1692","targetHints":{"allow":["GET"]}}],"collection":[{"href":"https:\/\/cordoba.gob.mx\/blog\/wp-json\/wp\/v2\/posts"}],"about":[{"href":"https:\/\/cordoba.gob.mx\/blog\/wp-json\/wp\/v2\/types\/post"}],"author":[{"embeddable":true,"href":"https:\/\/cordoba.gob.mx\/blog\/wp-json\/wp\/v2\/users\/1"}],"replies":[{"embeddable":true,"href":"https:\/\/cordoba.gob.mx\/blog\/wp-json\/wp\/v2\/comments?post=1692"}],"version-history":[{"count":1,"href":"https:\/\/cordoba.gob.mx\/blog\/wp-json\/wp\/v2\/posts\/1692\/revisions"}],"predecessor-version":[{"id":1710,"href":"https:\/\/cordoba.gob.mx\/blog\/wp-json\/wp\/v2\/posts\/1692\/revisions\/1710"}],"wp:featuredmedia":[{"embeddable":true,"href":"https:\/\/cordoba.gob.mx\/blog\/wp-json\/wp\/v2\/media\/1699"}],"wp:attachment":[{"href":"https:\/\/cordoba.gob.mx\/blog\/wp-json\/wp\/v2\/media?parent=1692"}],"wp:term":[{"taxonomy":"category","embeddable":true,"href":"https:\/\/cordoba.gob.mx\/blog\/wp-json\/wp\/v2\/categories?post=1692"},{"taxonomy":"post_tag","embeddable":true,"href":"https:\/\/cordoba.gob.mx\/blog\/wp-json\/wp\/v2\/tags?post=1692"}],"curies":[{"name":"wp","href":"https:\/\/api.w.org\/{rel}","templated":true}]}}