{"id":1711,"date":"2026-03-30T10:06:00","date_gmt":"2026-03-30T16:06:00","guid":{"rendered":"https:\/\/cordoba.gob.mx\/blog\/?p=1711"},"modified":"2026-04-21T10:12:45","modified_gmt":"2026-04-21T16:12:45","slug":"cordoba-fortalece-lazos-culturales-con-la-bienvenida-a-delegaciones-nacionales-e-internacionales","status":"publish","type":"post","link":"https:\/\/cordoba.gob.mx\/blog\/cordoba-fortalece-lazos-culturales-con-la-bienvenida-a-delegaciones-nacionales-e-internacionales\/","title":{"rendered":"C\u00f3rdoba fortalece lazos culturales con la bienvenida a delegaciones nacionales e internacionales"},"content":{"rendered":"\n<p>C\u00f3rdoba ver a 30 de marzo del 2026.- Como parte del impulso a la diversidad cultural y el fortalecimiento de los lazos internacionales, el Ayuntamiento de C\u00f3rdoba realiz\u00f3 la bienvenida oficial de las delegaciones nacionales e internacionales, consolidando al municipio como un espacio de encuentro entre tradiciones.<\/p>\n\n\n\n<p>El evento estuvo encabezado por el presidente municipal, Manuel Alonso Cerezo, acompa\u00f1ado por la presidenta del DIF Municipal, Carolina Mendivil de Alonso; la regidora cuarta, Itzel L\u00f3pez Gonz\u00e1lez; la regidora s\u00e9ptima, Nhesma Faride Telis Arano; la coordinadora de Bienestar Social, Lic. Dennis Araceli Lira Tosqui; as\u00ed como la directora del FIF, Jessica Navarro Galanraymond.<\/p>\n\n\n\n<p>En su intervenci\u00f3n, el alcalde destac\u00f3 que la presencia de las delegaciones honra este encuentro y le da sentido, al se\u00f1alar que cuando las culturas se re\u00fanen no solo se muestran, sino que dialogan, se reconocen y se enriquecen mutuamente. Subray\u00f3 adem\u00e1s que en cada danza, m\u00fasica y expresi\u00f3n art\u00edstica viajan historias que han sido preservadas por generaciones, invitando a mirar m\u00e1s all\u00e1 de las fronteras.<\/p>\n\n\n\n<p>Asimismo, enfatiz\u00f3 que este encuentro representa la celebraci\u00f3n de la diversidad, la memoria y el orgullo de las ra\u00edces, reconociendo la labor de quienes mantienen vivas las tradiciones. Finalmente, dio la bienvenida a los participantes, expresando que C\u00f3rdoba es su casa, un lugar donde su cultura es valorada, su voz escuchada y su presencia deja huella, deseando que esta jornada permanezca como un momento de uni\u00f3n, encuentro y esperanza.<\/p>\n\n\n\n<p>Durante la ceremonia, se realiz\u00f3 un significativo intercambio de obsequios entre las autoridades municipales y las delegaciones invitadas, como s\u00edmbolo de hermandad, respeto y colaboraci\u00f3n cultural.<\/p>\n\n\n\n<figure class=\"wp-block-image size-large\"><img loading=\"lazy\" decoding=\"async\" width=\"1024\" height=\"683\" src=\"https:\/\/cordoba.gob.mx\/blog\/wp-content\/uploads\/2026\/04\/CULTURA6-1024x683.jpg\" alt=\"\" class=\"wp-image-1720\" srcset=\"https:\/\/cordoba.gob.mx\/blog\/wp-content\/uploads\/2026\/04\/CULTURA6-1024x683.jpg 1024w, https:\/\/cordoba.gob.mx\/blog\/wp-content\/uploads\/2026\/04\/CULTURA6-300x200.jpg 300w, https:\/\/cordoba.gob.mx\/blog\/wp-content\/uploads\/2026\/04\/CULTURA6-768x512.jpg 768w, https:\/\/cordoba.gob.mx\/blog\/wp-content\/uploads\/2026\/04\/CULTURA6.jpg 1280w\" sizes=\"auto, (max-width: 1024px) 100vw, 1024px\" \/><\/figure>\n\n\n\n<p>Entre las agrupaciones participantes, se cont\u00f3 con la presencia de la delegaci\u00f3n de Puebla, representada por Francisco M\u00e1rquez Barrientos y la Academia de Danza Folkl\u00f3rica Mixcoacalli. Asimismo, destac\u00f3 la participaci\u00f3n de la delegaci\u00f3n de Colombia, con el director V\u00edctor Hugo L\u00f3pez Henao, de la Corporaci\u00f3n Cultural Danzar de Armenia, Quind\u00edo al igual que el Ballet Folklorico de Chile (BAFOCHI) dirigido por Pedro Gajardo Escobar.<\/p>\n\n\n\n<figure class=\"wp-block-image size-large\"><img loading=\"lazy\" decoding=\"async\" width=\"1024\" height=\"683\" src=\"https:\/\/cordoba.gob.mx\/blog\/wp-content\/uploads\/2026\/04\/CULTURA5-1024x683.jpg\" alt=\"\" class=\"wp-image-1716\" srcset=\"https:\/\/cordoba.gob.mx\/blog\/wp-content\/uploads\/2026\/04\/CULTURA5-1024x683.jpg 1024w, https:\/\/cordoba.gob.mx\/blog\/wp-content\/uploads\/2026\/04\/CULTURA5-300x200.jpg 300w, https:\/\/cordoba.gob.mx\/blog\/wp-content\/uploads\/2026\/04\/CULTURA5-768x512.jpg 768w, https:\/\/cordoba.gob.mx\/blog\/wp-content\/uploads\/2026\/04\/CULTURA5.jpg 1280w\" sizes=\"auto, (max-width: 1024px) 100vw, 1024px\" \/><\/figure>\n\n\n\n<p>Desde la Pen\u00ednsula Ib\u00e9rica, se recibi\u00f3 a la delegaci\u00f3n de Espa\u00f1a, encabezada por la directora Carla Sorolla Bueno, junto con la Rondalla Pe\u00f1a Fragatina. Tambi\u00e9n se cont\u00f3 con la presencia de la delegaci\u00f3n de las Islas Cook, representada por Mere Maine-More y la Kariol Nui Dance Troupe.<\/p>\n\n\n\n<figure class=\"wp-block-image size-large\"><img loading=\"lazy\" decoding=\"async\" width=\"1024\" height=\"683\" src=\"https:\/\/cordoba.gob.mx\/blog\/wp-content\/uploads\/2026\/04\/CULTURA3-1024x683.jpg\" alt=\"\" class=\"wp-image-1717\" srcset=\"https:\/\/cordoba.gob.mx\/blog\/wp-content\/uploads\/2026\/04\/CULTURA3-1024x683.jpg 1024w, https:\/\/cordoba.gob.mx\/blog\/wp-content\/uploads\/2026\/04\/CULTURA3-300x200.jpg 300w, https:\/\/cordoba.gob.mx\/blog\/wp-content\/uploads\/2026\/04\/CULTURA3-768x512.jpg 768w, https:\/\/cordoba.gob.mx\/blog\/wp-content\/uploads\/2026\/04\/CULTURA3.jpg 1280w\" sizes=\"auto, (max-width: 1024px) 100vw, 1024px\" \/><\/figure>\n\n\n\n<figure class=\"wp-block-image size-large\"><img loading=\"lazy\" decoding=\"async\" width=\"1024\" height=\"683\" src=\"https:\/\/cordoba.gob.mx\/blog\/wp-content\/uploads\/2026\/04\/CULTURA2-1024x683.jpg\" alt=\"\" class=\"wp-image-1719\" srcset=\"https:\/\/cordoba.gob.mx\/blog\/wp-content\/uploads\/2026\/04\/CULTURA2-1024x683.jpg 1024w, https:\/\/cordoba.gob.mx\/blog\/wp-content\/uploads\/2026\/04\/CULTURA2-300x200.jpg 300w, https:\/\/cordoba.gob.mx\/blog\/wp-content\/uploads\/2026\/04\/CULTURA2-768x512.jpg 768w, https:\/\/cordoba.gob.mx\/blog\/wp-content\/uploads\/2026\/04\/CULTURA2.jpg 1280w\" sizes=\"auto, (max-width: 1024px) 100vw, 1024px\" \/><\/figure>\n\n\n\n<p>De igual forma, particip\u00f3 la delegaci\u00f3n de Serbia, con el director Draga Pantelic, el representante Dinoslav Nickolich y la Talia Art Company. Finalmente, la delegaci\u00f3n de Michoac\u00e1n estuvo representada por Jos\u00e9 Felipe Mart\u00ednez B\u00e1ez y la Compa\u00f1\u00eda de Danza Regional P&#8217;indekua. Con este encuentro, el Ayuntamiento de C\u00f3rdoba refrenda su compromiso de impulsar el intercambio cultural como una herramienta para fortalecer la identidad, promover la diversidad y consolidar a C\u00f3rdoba como un punto de encuentro internacional.<\/p>\n","protected":false},"excerpt":{"rendered":"<p>C\u00f3rdoba ver a 30 de marzo del 2026.- Como parte del impulso a la diversidad cultural y el fortalecimiento de los lazos internacionales, el Ayuntamiento de C\u00f3rdoba realiz\u00f3 la bienvenida oficial de las delegaciones nacionales e internacionales, consolidando al municipio como un espacio de encuentro entre tradiciones. El evento estuvo encabezado por el presidente municipal, [&hellip;]<\/p>\n","protected":false},"author":1,"featured_media":1715,"comment_status":"closed","ping_status":"open","sticky":false,"template":"","format":"standard","meta":{"footnotes":""},"categories":[1],"tags":[],"class_list":["post-1711","post","type-post","status-publish","format-standard","has-post-thumbnail","hentry","category-general"],"_links":{"self":[{"href":"https:\/\/cordoba.gob.mx\/blog\/wp-json\/wp\/v2\/posts\/1711","targetHints":{"allow":["GET"]}}],"collection":[{"href":"https:\/\/cordoba.gob.mx\/blog\/wp-json\/wp\/v2\/posts"}],"about":[{"href":"https:\/\/cordoba.gob.mx\/blog\/wp-json\/wp\/v2\/types\/post"}],"author":[{"embeddable":true,"href":"https:\/\/cordoba.gob.mx\/blog\/wp-json\/wp\/v2\/users\/1"}],"replies":[{"embeddable":true,"href":"https:\/\/cordoba.gob.mx\/blog\/wp-json\/wp\/v2\/comments?post=1711"}],"version-history":[{"count":1,"href":"https:\/\/cordoba.gob.mx\/blog\/wp-json\/wp\/v2\/posts\/1711\/revisions"}],"predecessor-version":[{"id":1721,"href":"https:\/\/cordoba.gob.mx\/blog\/wp-json\/wp\/v2\/posts\/1711\/revisions\/1721"}],"wp:featuredmedia":[{"embeddable":true,"href":"https:\/\/cordoba.gob.mx\/blog\/wp-json\/wp\/v2\/media\/1715"}],"wp:attachment":[{"href":"https:\/\/cordoba.gob.mx\/blog\/wp-json\/wp\/v2\/media?parent=1711"}],"wp:term":[{"taxonomy":"category","embeddable":true,"href":"https:\/\/cordoba.gob.mx\/blog\/wp-json\/wp\/v2\/categories?post=1711"},{"taxonomy":"post_tag","embeddable":true,"href":"https:\/\/cordoba.gob.mx\/blog\/wp-json\/wp\/v2\/tags?post=1711"}],"curies":[{"name":"wp","href":"https:\/\/api.w.org\/{rel}","templated":true}]}}