{"id":1728,"date":"2026-03-30T10:14:00","date_gmt":"2026-03-30T16:14:00","guid":{"rendered":"https:\/\/cordoba.gob.mx\/blog\/?p=1728"},"modified":"2026-04-21T10:17:38","modified_gmt":"2026-04-21T16:17:38","slug":"cabildo-ratifica-consejo-de-la-cronica-y-aprueba-ley-seca-en-agencias-y-subagencias-municipales-previo-a-proceso-electoral","status":"publish","type":"post","link":"https:\/\/cordoba.gob.mx\/blog\/cabildo-ratifica-consejo-de-la-cronica-y-aprueba-ley-seca-en-agencias-y-subagencias-municipales-previo-a-proceso-electoral\/","title":{"rendered":"Cabildo ratifica Consejo de la Cr\u00f3nica, y aprueba Ley Seca en agencias y subagencias municipales previo a proceso electoral"},"content":{"rendered":"\n<p>C\u00f3rdoba, Ver., 30 de marzo del 2026.- Con la participaci\u00f3n del presidente municipal, Manuel Alonso Cerezo, y todo el cuerpo edilicio, este lunes en la d\u00e9cimo octava Sesi\u00f3n de Cabildo se aprob\u00f3 la rectificaci\u00f3n de los integrantes del Consejo de la Cr\u00f3nica de C\u00f3rdoba, as\u00ed como la Instalaci\u00f3n del Consejo Consultivo para la Atenci\u00f3n y Bienestar Social de los Animales, y la aprobaci\u00f3n de la prohibici\u00f3n de bebidas alcoh\u00f3licas del viernes 10 de abril del a\u00f1o en curso a las 23:59 horas al domingo 12 de abril a las 23:59 horas, en 10 Congregaciones y 29 Rancher\u00edas de esta municipalidad, con motivo de la Jornada Electoral del proceso de elecci\u00f3n de Agencias y Subagencias municipales 2026-2030.<\/p>\n\n\n\n<p>Por decisi\u00f3n un\u00e1nime el Cuerpo edilicio aprob\u00f3 la rectificaci\u00f3n de los integrantes del Consejo de la Cr\u00f3nica, por lo que Rosa Mar\u00eda Murrieta Tiburcio, Carlos Manuel Gal\u00e1n Pa\u00e9z, Samuel S\u00e1nchez Zamora, Alberto Ochoa Dom\u00ednguez, Ana Luisa Pel\u00e1ez Dior, Laura Luna Reyes, y en modalidad virtual, los asesores acad\u00e9micos Felipe Javier Gal\u00e1n y Roberto Lunag\u00f3mez Reyes, y Mar\u00eda Luisa Martell, rindieron protesta.<\/p>\n\n\n\n<figure class=\"wp-block-image size-large\"><img loading=\"lazy\" decoding=\"async\" width=\"1024\" height=\"683\" src=\"https:\/\/cordoba.gob.mx\/blog\/wp-content\/uploads\/2026\/04\/1.-CABILDO-5-1024x683.jpg\" alt=\"\" class=\"wp-image-1733\" srcset=\"https:\/\/cordoba.gob.mx\/blog\/wp-content\/uploads\/2026\/04\/1.-CABILDO-5-1024x683.jpg 1024w, https:\/\/cordoba.gob.mx\/blog\/wp-content\/uploads\/2026\/04\/1.-CABILDO-5-300x200.jpg 300w, https:\/\/cordoba.gob.mx\/blog\/wp-content\/uploads\/2026\/04\/1.-CABILDO-5-768x512.jpg 768w, https:\/\/cordoba.gob.mx\/blog\/wp-content\/uploads\/2026\/04\/1.-CABILDO-5.jpg 1280w\" sizes=\"auto, (max-width: 1024px) 100vw, 1024px\" \/><\/figure>\n\n\n\n<p>Respecto del Consejo Consultivo para la Atenci\u00f3n y Bienestar Social de los Animales qued\u00f3 integrado de la siguiente manera: Manuel Alonso Cerezo, presidente, Nayibe Sacre Gonz\u00e1lez, Vania L\u00f3pez Gonz\u00e1lez, Mar\u00eda Angela Ordinola Camarillo, y Jos\u00e9 Javier Medina Rahme, como vocales p\u00fablicos, Vladimir Rescalvo Bayona y Theresita Legaspi Paul, vocales ciudadanos, H\u00e9ctor Espinoza Guill\u00e9n, titular del Centro de Salud Animal, Dennis Lira Tosqui, secretaria t\u00e9cnica, Jorge Andr\u00e9s V\u00e1zquez Mara\u00f1\u00f3n, Jefe de Salud, Tayde Gonz\u00e1lez L\u00f3pez, Jefe de Ecolog\u00eda y Medio Ambiente, y Claudia L\u00f3pez Platas, Carlos Fernando Esquivel, y Adriana Romero, como invitados.<\/p>\n\n\n\n<figure class=\"wp-block-image size-large\"><img loading=\"lazy\" decoding=\"async\" width=\"1024\" height=\"683\" src=\"https:\/\/cordoba.gob.mx\/blog\/wp-content\/uploads\/2026\/04\/1.-CABILDO-6-1024x683.jpg\" alt=\"\" class=\"wp-image-1734\" srcset=\"https:\/\/cordoba.gob.mx\/blog\/wp-content\/uploads\/2026\/04\/1.-CABILDO-6-1024x683.jpg 1024w, https:\/\/cordoba.gob.mx\/blog\/wp-content\/uploads\/2026\/04\/1.-CABILDO-6-300x200.jpg 300w, https:\/\/cordoba.gob.mx\/blog\/wp-content\/uploads\/2026\/04\/1.-CABILDO-6-768x512.jpg 768w, https:\/\/cordoba.gob.mx\/blog\/wp-content\/uploads\/2026\/04\/1.-CABILDO-6.jpg 1280w\" sizes=\"auto, (max-width: 1024px) 100vw, 1024px\" \/><\/figure>\n\n\n\n<p>En otro punto, y previo al proceso elecci\u00f3n de Agencias y Subagencias municipales 2026-2030, el Cabildo aprob\u00f3 la prohibici\u00f3n de la venta de bebidas alcoh\u00f3licas del viernes 10 de abril del a\u00f1o en curso a las 23:59 horas al domingo 12 de abril a las 23:59 horas, en 10 Congregaciones y 29 Rancher\u00edas de C\u00f3rdoba.<\/p>\n\n\n\n<p>Finalmente, se confirm\u00f3 que el Ayuntamiento tendr\u00e1 participaci\u00f3n en la Gu\u00eda Consultiva de Desempe\u00f1o Municipal, y se autoriz\u00f3 que el presidente, Manuel Alonso Cerezo, y la s\u00edndica \u00fanica, Irene Sedas Gonz\u00e1lez, podr\u00e1n firmar convenios de colaboraci\u00f3n administrativa en materia de Catastro.<\/p>\n","protected":false},"excerpt":{"rendered":"<p>C\u00f3rdoba, Ver., 30 de marzo del 2026.- Con la participaci\u00f3n del presidente municipal, Manuel Alonso Cerezo, y todo el cuerpo edilicio, este lunes en la d\u00e9cimo octava Sesi\u00f3n de Cabildo se aprob\u00f3 la rectificaci\u00f3n de los integrantes del Consejo de la Cr\u00f3nica de C\u00f3rdoba, as\u00ed como la Instalaci\u00f3n del Consejo Consultivo para la Atenci\u00f3n y [&hellip;]<\/p>\n","protected":false},"author":1,"featured_media":1731,"comment_status":"closed","ping_status":"open","sticky":false,"template":"","format":"standard","meta":{"footnotes":""},"categories":[1],"tags":[],"class_list":["post-1728","post","type-post","status-publish","format-standard","has-post-thumbnail","hentry","category-general"],"_links":{"self":[{"href":"https:\/\/cordoba.gob.mx\/blog\/wp-json\/wp\/v2\/posts\/1728","targetHints":{"allow":["GET"]}}],"collection":[{"href":"https:\/\/cordoba.gob.mx\/blog\/wp-json\/wp\/v2\/posts"}],"about":[{"href":"https:\/\/cordoba.gob.mx\/blog\/wp-json\/wp\/v2\/types\/post"}],"author":[{"embeddable":true,"href":"https:\/\/cordoba.gob.mx\/blog\/wp-json\/wp\/v2\/users\/1"}],"replies":[{"embeddable":true,"href":"https:\/\/cordoba.gob.mx\/blog\/wp-json\/wp\/v2\/comments?post=1728"}],"version-history":[{"count":1,"href":"https:\/\/cordoba.gob.mx\/blog\/wp-json\/wp\/v2\/posts\/1728\/revisions"}],"predecessor-version":[{"id":1735,"href":"https:\/\/cordoba.gob.mx\/blog\/wp-json\/wp\/v2\/posts\/1728\/revisions\/1735"}],"wp:featuredmedia":[{"embeddable":true,"href":"https:\/\/cordoba.gob.mx\/blog\/wp-json\/wp\/v2\/media\/1731"}],"wp:attachment":[{"href":"https:\/\/cordoba.gob.mx\/blog\/wp-json\/wp\/v2\/media?parent=1728"}],"wp:term":[{"taxonomy":"category","embeddable":true,"href":"https:\/\/cordoba.gob.mx\/blog\/wp-json\/wp\/v2\/categories?post=1728"},{"taxonomy":"post_tag","embeddable":true,"href":"https:\/\/cordoba.gob.mx\/blog\/wp-json\/wp\/v2\/tags?post=1728"}],"curies":[{"name":"wp","href":"https:\/\/api.w.org\/{rel}","templated":true}]}}