{"id":1740,"date":"2026-03-30T10:18:00","date_gmt":"2026-03-30T16:18:00","guid":{"rendered":"https:\/\/cordoba.gob.mx\/blog\/?p=1740"},"modified":"2026-04-21T10:23:04","modified_gmt":"2026-04-21T16:23:04","slug":"cabildo-aprueba-paquete-de-obras-por-mas-de-170-mdp","status":"publish","type":"post","link":"https:\/\/cordoba.gob.mx\/blog\/cabildo-aprueba-paquete-de-obras-por-mas-de-170-mdp\/","title":{"rendered":"Cabildo aprueba paquete de obras por m\u00e1s de 170 mdp"},"content":{"rendered":"\n<p>C\u00f3rdoba, Ver., 30 de marzo del 2026.- En el marco de la decimonovena y vig\u00e9sima Sesi\u00f3n de Cabildo, este lunes qued\u00f3 aprobado el paquete de Obras P\u00fablicas del Ayuntamiento para el a\u00f1o en curso, destacando que se invertir\u00e1n m\u00e1s de 170 millones de pesos en beneficio de la ciudadan\u00eda.<\/p>\n\n\n\n<p>Por unanimidad del Cabildo, qued\u00f3 aprobado el Programa General de Inversi\u00f3n 2026 del \u201cFondo de Aportaciones para el Fortalecimiento de los Municipios de las Demarcaciones Territoriales del Distrito Federal (FORTAMUN)\u201d, as\u00ed como el Programa General de Inversi\u00f3n 2026 del \u201cFondo de Aportaciones para la Infraestructura Social Municipal y de las Demarcaciones Territoriales del Distrito Federal (FAISMUN)\u201d. Un total de 67 obras quedaron confirmadas tan solo para el presente 2026; destacan rehabilitaciones de camino, rehabilitaci\u00f3n de pavimentaciones, construcci\u00f3n de muros de contenci\u00f3n, construcci\u00f3n de techados en escuelas, y bacheo, rehabilitaci\u00f3n de parques y complejos deportivos.<\/p>\n\n\n\n<figure class=\"wp-block-image size-large\"><img loading=\"lazy\" decoding=\"async\" width=\"1024\" height=\"683\" src=\"https:\/\/cordoba.gob.mx\/blog\/wp-content\/uploads\/2026\/04\/2-CABILDO-3-1024x683.jpg\" alt=\"\" class=\"wp-image-1748\" srcset=\"https:\/\/cordoba.gob.mx\/blog\/wp-content\/uploads\/2026\/04\/2-CABILDO-3-1024x683.jpg 1024w, https:\/\/cordoba.gob.mx\/blog\/wp-content\/uploads\/2026\/04\/2-CABILDO-3-300x200.jpg 300w, https:\/\/cordoba.gob.mx\/blog\/wp-content\/uploads\/2026\/04\/2-CABILDO-3-768x512.jpg 768w, https:\/\/cordoba.gob.mx\/blog\/wp-content\/uploads\/2026\/04\/2-CABILDO-3.jpg 1280w\" sizes=\"auto, (max-width: 1024px) 100vw, 1024px\" \/><\/figure>\n\n\n\n<p>Respecto a las inversiones, Manuel Alonso Cerezo, presidente municipal, coment\u00f3 que la idea es la compra de un inmueble ubicado en avenida 3 No 107, y que servir\u00eda como un espacio municipal en el que se colocar\u00edan diversas \u00e1reas a una zona aleda\u00f1a al propio Palacio Municipal, lo que al Ayuntamiento le permitir\u00eda evitar diversos arrendamientos, y acercar\u00eda m\u00e1s a los funcionarios con la ciudadan\u00eda.<\/p>\n\n\n\n<p>En lo que fue la tercera sesi\u00f3n del d\u00eda, tambi\u00e9n estuvo presente el Consejo de Desarrollo Municipal integrado por Conrado Sergio Cueto Varillas, Rosal\u00eda San Juan Pe\u00f1a, Zimiri Hern\u00e1ndez R\u00edos, Roberto Ramos Ortega, Mar\u00eda Romana Concepci\u00f3n Cansino Romero, Yarib Daniel Murillo Montes, Octavio Rosas Castillo, Sa\u00fal Vel\u00e1squez Mart\u00ednez, Carmen Flores Reyes, Margarita Hern\u00e1ndez Hern\u00e1ndez, Olga Gilv\u00f3n Rosas, Laura V\u00e1zquez Mart\u00ednez, Leonor Herminia Navarro Carrillo, Arturo Osorio Garc\u00eda, y Salvador Molina S\u00e1nchez. Los miembros del Consejo de Desarrollo Municipal al finalizar la tercera sesi\u00f3n del d\u00eda recibieron su nombramiento simb\u00f3lico.<\/p>\n\n\n\n<figure class=\"wp-block-image size-large\"><img loading=\"lazy\" decoding=\"async\" width=\"1024\" height=\"683\" src=\"https:\/\/cordoba.gob.mx\/blog\/wp-content\/uploads\/2026\/04\/2-CABILDO-2-1024x683.jpg\" alt=\"\" class=\"wp-image-1749\" srcset=\"https:\/\/cordoba.gob.mx\/blog\/wp-content\/uploads\/2026\/04\/2-CABILDO-2-1024x683.jpg 1024w, https:\/\/cordoba.gob.mx\/blog\/wp-content\/uploads\/2026\/04\/2-CABILDO-2-300x200.jpg 300w, https:\/\/cordoba.gob.mx\/blog\/wp-content\/uploads\/2026\/04\/2-CABILDO-2-768x512.jpg 768w, https:\/\/cordoba.gob.mx\/blog\/wp-content\/uploads\/2026\/04\/2-CABILDO-2.jpg 1280w\" sizes=\"auto, (max-width: 1024px) 100vw, 1024px\" \/><\/figure>\n\n\n\n<p>El Ayuntamiento de C\u00f3rdoba reafirma su compromiso con la ciudadan\u00eda, recordando que las estructuras s\u00f3lidas hacen ciudades fuertes.<\/p>\n","protected":false},"excerpt":{"rendered":"<p>C\u00f3rdoba, Ver., 30 de marzo del 2026.- En el marco de la decimonovena y vig\u00e9sima Sesi\u00f3n de Cabildo, este lunes qued\u00f3 aprobado el paquete de Obras P\u00fablicas del Ayuntamiento para el a\u00f1o en curso, destacando que se invertir\u00e1n m\u00e1s de 170 millones de pesos en beneficio de la ciudadan\u00eda. Por unanimidad del Cabildo, qued\u00f3 aprobado [&hellip;]<\/p>\n","protected":false},"author":1,"featured_media":1745,"comment_status":"closed","ping_status":"open","sticky":false,"template":"","format":"standard","meta":{"footnotes":""},"categories":[1],"tags":[],"class_list":["post-1740","post","type-post","status-publish","format-standard","has-post-thumbnail","hentry","category-general"],"_links":{"self":[{"href":"https:\/\/cordoba.gob.mx\/blog\/wp-json\/wp\/v2\/posts\/1740","targetHints":{"allow":["GET"]}}],"collection":[{"href":"https:\/\/cordoba.gob.mx\/blog\/wp-json\/wp\/v2\/posts"}],"about":[{"href":"https:\/\/cordoba.gob.mx\/blog\/wp-json\/wp\/v2\/types\/post"}],"author":[{"embeddable":true,"href":"https:\/\/cordoba.gob.mx\/blog\/wp-json\/wp\/v2\/users\/1"}],"replies":[{"embeddable":true,"href":"https:\/\/cordoba.gob.mx\/blog\/wp-json\/wp\/v2\/comments?post=1740"}],"version-history":[{"count":1,"href":"https:\/\/cordoba.gob.mx\/blog\/wp-json\/wp\/v2\/posts\/1740\/revisions"}],"predecessor-version":[{"id":1750,"href":"https:\/\/cordoba.gob.mx\/blog\/wp-json\/wp\/v2\/posts\/1740\/revisions\/1750"}],"wp:featuredmedia":[{"embeddable":true,"href":"https:\/\/cordoba.gob.mx\/blog\/wp-json\/wp\/v2\/media\/1745"}],"wp:attachment":[{"href":"https:\/\/cordoba.gob.mx\/blog\/wp-json\/wp\/v2\/media?parent=1740"}],"wp:term":[{"taxonomy":"category","embeddable":true,"href":"https:\/\/cordoba.gob.mx\/blog\/wp-json\/wp\/v2\/categories?post=1740"},{"taxonomy":"post_tag","embeddable":true,"href":"https:\/\/cordoba.gob.mx\/blog\/wp-json\/wp\/v2\/tags?post=1740"}],"curies":[{"name":"wp","href":"https:\/\/api.w.org\/{rel}","templated":true}]}}