{"id":1751,"date":"2026-03-31T10:23:00","date_gmt":"2026-03-31T16:23:00","guid":{"rendered":"https:\/\/cordoba.gob.mx\/blog\/?p=1751"},"modified":"2026-04-21T10:26:50","modified_gmt":"2026-04-21T16:26:50","slug":"colombia-llena-de-color-el-fif-2026","status":"publish","type":"post","link":"https:\/\/cordoba.gob.mx\/blog\/colombia-llena-de-color-el-fif-2026\/","title":{"rendered":"Colombia llena de color el FIF 2026"},"content":{"rendered":"\n<p>C\u00f3rdoba, Ver., a 31 de marzo de 2026.- Llegando al tercer d\u00eda de galas del Festival Internacional de Folklore (FIF) 2026, la magia de una cultura hermana se hizo presente, embelleciendo la noche de alegr\u00eda con de la delegaci\u00f3n de Colombia en el Teatro Pedro D\u00edaz.<\/p>\n\n\n\n<figure class=\"wp-block-image size-large\"><img loading=\"lazy\" decoding=\"async\" width=\"1024\" height=\"683\" src=\"https:\/\/cordoba.gob.mx\/blog\/wp-content\/uploads\/2026\/04\/COL-5-1024x683.jpg\" alt=\"\" class=\"wp-image-1762\" srcset=\"https:\/\/cordoba.gob.mx\/blog\/wp-content\/uploads\/2026\/04\/COL-5-1024x683.jpg 1024w, https:\/\/cordoba.gob.mx\/blog\/wp-content\/uploads\/2026\/04\/COL-5-300x200.jpg 300w, https:\/\/cordoba.gob.mx\/blog\/wp-content\/uploads\/2026\/04\/COL-5-768x512.jpg 768w, https:\/\/cordoba.gob.mx\/blog\/wp-content\/uploads\/2026\/04\/COL-5.jpg 1280w\" sizes=\"auto, (max-width: 1024px) 100vw, 1024px\" \/><\/figure>\n\n\n\n<p>La Corporaci\u00f3n Cultural Danzar de Armenia, Quind\u00edo, con m\u00e1s de 20 a\u00f1os de trayectoria bajo la direcci\u00f3n de V\u00edctor Hugo L\u00f3pez Henao, cautiv\u00f3 al p\u00fablico con una presentaci\u00f3n llena de ritmo, tradici\u00f3n y orgullo por sus ra\u00edces.<\/p>\n\n\n\n<p>El presidente municipal, Manuel Alonso Cerezo, acompa\u00f1ado de la Se\u00f1ora Carolina Mend\u00edvil de Alonso, presidenta del Sistema DIF Municipal, y su hijo Manuel Alonso Mend\u00edvil, presenci\u00f3 esta destacada gala e hizo entrega de un reconocimiento a la delegaci\u00f3n colombiana por su participaci\u00f3n.<\/p>\n\n\n\n<p>Durante su estancia, la delegaci\u00f3n destac\u00f3 el encanto que tuvieron los artistas encontr\u00e1ndose con una marimba propia de la ciudad de C\u00f3rdoba, cuyo sonido m\u00e1s agudo contrasta con los tonos m\u00e1s graves de las marimbas en Colombia, descubriendo as\u00ed una armon\u00eda \u00fanica que enriqueci\u00f3 su experiencia cultural.<\/p>\n\n\n\n<figure class=\"wp-block-image size-large\"><img loading=\"lazy\" decoding=\"async\" width=\"1024\" height=\"683\" src=\"https:\/\/cordoba.gob.mx\/blog\/wp-content\/uploads\/2026\/04\/COL-3-1024x683.jpg\" alt=\"\" class=\"wp-image-1764\" srcset=\"https:\/\/cordoba.gob.mx\/blog\/wp-content\/uploads\/2026\/04\/COL-3-1024x683.jpg 1024w, https:\/\/cordoba.gob.mx\/blog\/wp-content\/uploads\/2026\/04\/COL-3-300x200.jpg 300w, https:\/\/cordoba.gob.mx\/blog\/wp-content\/uploads\/2026\/04\/COL-3-768x512.jpg 768w, https:\/\/cordoba.gob.mx\/blog\/wp-content\/uploads\/2026\/04\/COL-3.jpg 1280w\" sizes=\"auto, (max-width: 1024px) 100vw, 1024px\" \/><\/figure>\n\n\n\n<p>Asimismo, se cont\u00f3 con la presencia de la regidora s\u00e9ptima, Nhesma Faride Telis Arano, sum\u00e1ndose a esta celebraci\u00f3n que fortalece los lazos entre naciones.<\/p>\n\n\n\n<p>A todos nuestros visitantes y ciudadanos les invitamos a continuar compartiendo de la cultura internacional continuando este martes con todos los encuentros que tenemos preparados para ustedes. C\u00f3rdoba contin\u00faa consolid\u00e1ndose como un punto de encuentro internacional, donde la cultura une, inspira y trasciende fronteras.<\/p>\n","protected":false},"excerpt":{"rendered":"<p>C\u00f3rdoba, Ver., a 31 de marzo de 2026.- Llegando al tercer d\u00eda de galas del Festival Internacional de Folklore (FIF) 2026, la magia de una cultura hermana se hizo presente, embelleciendo la noche de alegr\u00eda con de la delegaci\u00f3n de Colombia en el Teatro Pedro D\u00edaz. La Corporaci\u00f3n Cultural Danzar de Armenia, Quind\u00edo, con m\u00e1s [&hellip;]<\/p>\n","protected":false},"author":1,"featured_media":1759,"comment_status":"closed","ping_status":"open","sticky":false,"template":"","format":"standard","meta":{"footnotes":""},"categories":[1],"tags":[],"class_list":["post-1751","post","type-post","status-publish","format-standard","has-post-thumbnail","hentry","category-general"],"_links":{"self":[{"href":"https:\/\/cordoba.gob.mx\/blog\/wp-json\/wp\/v2\/posts\/1751","targetHints":{"allow":["GET"]}}],"collection":[{"href":"https:\/\/cordoba.gob.mx\/blog\/wp-json\/wp\/v2\/posts"}],"about":[{"href":"https:\/\/cordoba.gob.mx\/blog\/wp-json\/wp\/v2\/types\/post"}],"author":[{"embeddable":true,"href":"https:\/\/cordoba.gob.mx\/blog\/wp-json\/wp\/v2\/users\/1"}],"replies":[{"embeddable":true,"href":"https:\/\/cordoba.gob.mx\/blog\/wp-json\/wp\/v2\/comments?post=1751"}],"version-history":[{"count":1,"href":"https:\/\/cordoba.gob.mx\/blog\/wp-json\/wp\/v2\/posts\/1751\/revisions"}],"predecessor-version":[{"id":1766,"href":"https:\/\/cordoba.gob.mx\/blog\/wp-json\/wp\/v2\/posts\/1751\/revisions\/1766"}],"wp:featuredmedia":[{"embeddable":true,"href":"https:\/\/cordoba.gob.mx\/blog\/wp-json\/wp\/v2\/media\/1759"}],"wp:attachment":[{"href":"https:\/\/cordoba.gob.mx\/blog\/wp-json\/wp\/v2\/media?parent=1751"}],"wp:term":[{"taxonomy":"category","embeddable":true,"href":"https:\/\/cordoba.gob.mx\/blog\/wp-json\/wp\/v2\/categories?post=1751"},{"taxonomy":"post_tag","embeddable":true,"href":"https:\/\/cordoba.gob.mx\/blog\/wp-json\/wp\/v2\/tags?post=1751"}],"curies":[{"name":"wp","href":"https:\/\/api.w.org\/{rel}","templated":true}]}}