{"id":1768,"date":"2026-03-31T10:27:00","date_gmt":"2026-03-31T16:27:00","guid":{"rendered":"https:\/\/cordoba.gob.mx\/blog\/?p=1768"},"modified":"2026-04-21T10:33:07","modified_gmt":"2026-04-21T16:33:07","slug":"ultima-gala-internacional-en-cordoba-encuentros-llenos-de-intercambio-cultural","status":"publish","type":"post","link":"https:\/\/cordoba.gob.mx\/blog\/ultima-gala-internacional-en-cordoba-encuentros-llenos-de-intercambio-cultural\/","title":{"rendered":"Ultima gala internacional en C\u00f3rdoba; encuentros llenos de intercambio cultural."},"content":{"rendered":"\n<p>C\u00f3rdoba, Ver., a 31 de marzo 2026. \u2013 En el marco de las actividades del Festival Internacional de Folklore 2026, la ciudad de C\u00f3rdoba vivi\u00f3 una jornada llena de color, m\u00fasica y tradici\u00f3n, donde las distintas delegaciones nacionales e internacionales compartieron su riqueza cultural, consolidando este encuentro como un espacio de hermandad entre naciones.<\/p>\n\n\n\n<p>La explanada del parque 21 de mayo fue escenario de diversas presentaciones que cautivaron al p\u00fablico, con la participaci\u00f3n de agrupaciones provenientes de M\u00e9xico, Serbia, Colombia, Espa\u00f1a, las Islas Cook y cerrando con la \u00faltima gala internacional la delegaci\u00f3n de Chile, quienes, a trav\u00e9s de sus danzas y expresiones art\u00edsticas, transmitieron la esencia de sus tradiciones. A pesar de las condiciones clim\u00e1ticas variables, entre lluvia y viento, el \u00e1nimo de las y los visitantes se mantuvo firme, sin que el clima apagara el esp\u00edritu festivo que caracteriza a este importante evento.<\/p>\n\n\n\n<figure class=\"wp-block-image size-large\"><img loading=\"lazy\" decoding=\"async\" width=\"1024\" height=\"683\" src=\"https:\/\/cordoba.gob.mx\/blog\/wp-content\/uploads\/2026\/04\/COLO3-1024x683.jpg\" alt=\"\" class=\"wp-image-1780\" srcset=\"https:\/\/cordoba.gob.mx\/blog\/wp-content\/uploads\/2026\/04\/COLO3-1024x683.jpg 1024w, https:\/\/cordoba.gob.mx\/blog\/wp-content\/uploads\/2026\/04\/COLO3-300x200.jpg 300w, https:\/\/cordoba.gob.mx\/blog\/wp-content\/uploads\/2026\/04\/COLO3-768x512.jpg 768w, https:\/\/cordoba.gob.mx\/blog\/wp-content\/uploads\/2026\/04\/COLO3.jpg 1280w\" sizes=\"auto, (max-width: 1024px) 100vw, 1024px\" \/><\/figure>\n\n\n\n<p>Durante la presentaci\u00f3n de la delegaci\u00f3n de Espa\u00f1a, el presidente municipal, Manuel Alonso Cerezo, quien convivi\u00f3 con los artistas, como gesto de amistad realizaron una dedicatoria al presidente y un verso especial a Veracruz como muestra de cari\u00f1o y fraternidad, as\u00ed como otras interpretaciones con referentes mexicanos por parte de las dem\u00e1s delegaciones. Gestos que fueron recibidos con entusiasmo por el alcalde y el p\u00fablico presente, fortaleciendo los lazos culturales entre las naciones.<\/p>\n\n\n\n<p>Cabe destacar que, en el cierre de las galas internacionales, la delegaci\u00f3n de Chile encabezado por el director Pedro Gajardo Escobar, el Ballet Folkl\u00f3rico de Chile (BAFOCHI) ofreci\u00f3 una destacada puesta en escena en el teatro Pedro D\u00edaz, donde a trav\u00e9s de danzas y cantos compartieron la esencia de su identidad cultural. Uno de los momentos m\u00e1s ovacionados fue la representaci\u00f3n de la bandera de M\u00e9xico mediante los colores de los vestuarios, gesto que puso de pie y genero el aplauso del p\u00fablico que se vio fascinado por la dedicatoria.<\/p>\n\n\n\n<figure class=\"wp-block-image size-large\"><img loading=\"lazy\" decoding=\"async\" width=\"1024\" height=\"683\" src=\"https:\/\/cordoba.gob.mx\/blog\/wp-content\/uploads\/2026\/04\/COLO2-1024x683.jpg\" alt=\"\" class=\"wp-image-1783\" srcset=\"https:\/\/cordoba.gob.mx\/blog\/wp-content\/uploads\/2026\/04\/COLO2-1024x683.jpg 1024w, https:\/\/cordoba.gob.mx\/blog\/wp-content\/uploads\/2026\/04\/COLO2-300x200.jpg 300w, https:\/\/cordoba.gob.mx\/blog\/wp-content\/uploads\/2026\/04\/COLO2-768x512.jpg 768w, https:\/\/cordoba.gob.mx\/blog\/wp-content\/uploads\/2026\/04\/COLO2.jpg 1280w\" sizes=\"auto, (max-width: 1024px) 100vw, 1024px\" \/><\/figure>\n\n\n\n<p>En este marco, el presidente municipal, Manuel Alonso Cerezo, acompa\u00f1ado de la presidenta del Sistema Municipal DIF, Carolina Mend\u00edvil de Alonso; Nayibe Sacre Gonz\u00e1lez, regidora quinta; Nhesma Faride Telis Arano regidora s\u00e9ptima; Jos\u00e9 Javier Medina Rahme, regidor d\u00e9cimo y la directora del Festival Internacional de Folklore 2026, Jessica Navarro Galanraymond, realiz\u00f3 la entrega de un reconocimiento a la delegaci\u00f3n de Chile por su destacada participaci\u00f3n.<\/p>\n\n\n\n<p>Asimismo, como muestra de hospitalidad y cercan\u00eda cultural, la delegaci\u00f3n de Colombia ofreci\u00f3 un convivio especial en el Museo del Caf\u00e9, donde el presidente municipal, junto a su familia, comparti\u00f3 un momento de convivencia acompa\u00f1ado de m\u00fasica, baile y gastronom\u00eda t\u00edpica, fortaleciendo los lazos de amistad entre las delegaciones participantes.<\/p>\n\n\n\n<p>Con estas actividades, el Ayuntamiento de C\u00f3rdoba refrenda su compromiso de impulsar el intercambio cultural y fortalecer la identidad a trav\u00e9s de espacios que promuevan la convivencia, la diversidad y el orgullo de las tradiciones que unen a los pueblos del mundo.<\/p>\n","protected":false},"excerpt":{"rendered":"<p>C\u00f3rdoba, Ver., a 31 de marzo 2026. \u2013 En el marco de las actividades del Festival Internacional de Folklore 2026, la ciudad de C\u00f3rdoba vivi\u00f3 una jornada llena de color, m\u00fasica y tradici\u00f3n, donde las distintas delegaciones nacionales e internacionales compartieron su riqueza cultural, consolidando este encuentro como un espacio de hermandad entre naciones. La [&hellip;]<\/p>\n","protected":false},"author":1,"featured_media":1770,"comment_status":"closed","ping_status":"open","sticky":false,"template":"","format":"standard","meta":{"footnotes":""},"categories":[1],"tags":[],"class_list":["post-1768","post","type-post","status-publish","format-standard","has-post-thumbnail","hentry","category-general"],"_links":{"self":[{"href":"https:\/\/cordoba.gob.mx\/blog\/wp-json\/wp\/v2\/posts\/1768","targetHints":{"allow":["GET"]}}],"collection":[{"href":"https:\/\/cordoba.gob.mx\/blog\/wp-json\/wp\/v2\/posts"}],"about":[{"href":"https:\/\/cordoba.gob.mx\/blog\/wp-json\/wp\/v2\/types\/post"}],"author":[{"embeddable":true,"href":"https:\/\/cordoba.gob.mx\/blog\/wp-json\/wp\/v2\/users\/1"}],"replies":[{"embeddable":true,"href":"https:\/\/cordoba.gob.mx\/blog\/wp-json\/wp\/v2\/comments?post=1768"}],"version-history":[{"count":1,"href":"https:\/\/cordoba.gob.mx\/blog\/wp-json\/wp\/v2\/posts\/1768\/revisions"}],"predecessor-version":[{"id":1787,"href":"https:\/\/cordoba.gob.mx\/blog\/wp-json\/wp\/v2\/posts\/1768\/revisions\/1787"}],"wp:featuredmedia":[{"embeddable":true,"href":"https:\/\/cordoba.gob.mx\/blog\/wp-json\/wp\/v2\/media\/1770"}],"wp:attachment":[{"href":"https:\/\/cordoba.gob.mx\/blog\/wp-json\/wp\/v2\/media?parent=1768"}],"wp:term":[{"taxonomy":"category","embeddable":true,"href":"https:\/\/cordoba.gob.mx\/blog\/wp-json\/wp\/v2\/categories?post=1768"},{"taxonomy":"post_tag","embeddable":true,"href":"https:\/\/cordoba.gob.mx\/blog\/wp-json\/wp\/v2\/tags?post=1768"}],"curies":[{"name":"wp","href":"https:\/\/api.w.org\/{rel}","templated":true}]}}