{"id":1782,"date":"2026-04-10T12:00:00","date_gmt":"2026-04-10T18:00:00","guid":{"rendered":"https:\/\/cordoba.gob.mx\/blog\/?p=1782"},"modified":"2026-04-21T10:38:54","modified_gmt":"2026-04-21T16:38:54","slug":"jefatura-de-salud-imparte-charlas-a-estudiantes-y-padres-de-familia-en-diversos-puntos-del-municipio","status":"publish","type":"post","link":"https:\/\/cordoba.gob.mx\/blog\/jefatura-de-salud-imparte-charlas-a-estudiantes-y-padres-de-familia-en-diversos-puntos-del-municipio\/","title":{"rendered":"Jefatura de Salud imparte charlas a estudiantes y padres de familia en diversos puntos del municipio"},"content":{"rendered":"\n<p>La Jefatura de Salud del Ayuntamiento de C\u00f3rdoba, por instrucci\u00f3n de la coordinaci\u00f3n de Bienestar Social, mantiene actividades en pro de la salud mental, y por ello durante el primer trimestre han impartido charlas en escuelas del nivel b\u00e1sico y media superior.<\/p>\n\n\n\n<p>Raquel Rodr\u00edguez Landechi, psic\u00f3loga de la Jefatura de Salud del Ayuntamiento de C\u00f3rdoba, explica que gracias a las Mesas de informaci\u00f3n realizadas a finales de enero diversas instituciones se acercaron para solicitar dichas charlas en las que se atiende tanto a la comunidad estudiantil, como a los padres de familia.<\/p>\n\n\n\n<p>\u201cHemos realizado platicas desde preescolar hasta nivel media superior en diferentes lugares como El Baj\u00edo o Miguel Aguilar, y en la zona urbana; han sido charlas de diversos temas de acuerdo a la necesidad de las escuelas, por ejemplo, el tema de regulaci\u00f3n emocional, depresi\u00f3n, el uso de dispositivos m\u00f3viles, las herramientas para los maestros sobre c\u00f3mo manejar el acoso escolar, as\u00ed como autoestima, amor propio, entre otros\u201d, asegura Rodr\u00edguez Landechi.<\/p>\n\n\n\n<p>\u201cEn las mesas informativas realizadas en enero se hizo la invitaci\u00f3n, y la respuesta fue excelente, y as\u00ed fue como maestros y maestras solicitaron las platicas que nos han llevado a varios puntos del municipio, donde hemos platicado tanto con estudiantes como padres de familia\u201d, apunt\u00f3.<\/p>\n\n\n\n<p>\u201cActualmente el tema de los dispositivos m\u00f3viles es algo que los maestros requieren mucho para los padres de familia, porque los ni\u00f1os y ni\u00f1as tienen m\u00e1s acceso a la tecnolog\u00eda, aunque est\u00e9n en las comunidades porque as\u00ed se entretienen, y las pl\u00e1ticas nos ayudan a mostrarles todos los pros, pero tambi\u00e9n los contras\u201d, a\u00f1ade la psic\u00f3loga del Ayuntamiento de C\u00f3rdoba.<\/p>\n\n\n\n<p>En los pr\u00f3ximos d\u00edas las actividades continuar\u00e1n, y en breve dar\u00e1n comienzo los talleres para los docentes que lo requieran, los que se realizar\u00e1n de acuerdo a sus horarios y necesidades.<\/p>\n\n\n\n<figure class=\"wp-block-image size-large\"><img loading=\"lazy\" decoding=\"async\" width=\"1024\" height=\"768\" src=\"https:\/\/cordoba.gob.mx\/blog\/wp-content\/uploads\/2026\/04\/WhatsApp-Image-2026-04-08-at-11.21.16-AM-1024x768.jpeg\" alt=\"\" class=\"wp-image-1795\" srcset=\"https:\/\/cordoba.gob.mx\/blog\/wp-content\/uploads\/2026\/04\/WhatsApp-Image-2026-04-08-at-11.21.16-AM-1024x768.jpeg 1024w, https:\/\/cordoba.gob.mx\/blog\/wp-content\/uploads\/2026\/04\/WhatsApp-Image-2026-04-08-at-11.21.16-AM-300x225.jpeg 300w, https:\/\/cordoba.gob.mx\/blog\/wp-content\/uploads\/2026\/04\/WhatsApp-Image-2026-04-08-at-11.21.16-AM-768x576.jpeg 768w, https:\/\/cordoba.gob.mx\/blog\/wp-content\/uploads\/2026\/04\/WhatsApp-Image-2026-04-08-at-11.21.16-AM-1536x1152.jpeg 1536w, https:\/\/cordoba.gob.mx\/blog\/wp-content\/uploads\/2026\/04\/WhatsApp-Image-2026-04-08-at-11.21.16-AM.jpeg 1600w\" sizes=\"auto, (max-width: 1024px) 100vw, 1024px\" \/><\/figure>\n","protected":false},"excerpt":{"rendered":"<p>La Jefatura de Salud del Ayuntamiento de C\u00f3rdoba, por instrucci\u00f3n de la coordinaci\u00f3n de Bienestar Social, mantiene actividades en pro de la salud mental, y por ello durante el primer trimestre han impartido charlas en escuelas del nivel b\u00e1sico y media superior. Raquel Rodr\u00edguez Landechi, psic\u00f3loga de la Jefatura de Salud del Ayuntamiento de C\u00f3rdoba, [&hellip;]<\/p>\n","protected":false},"author":1,"featured_media":1792,"comment_status":"closed","ping_status":"open","sticky":false,"template":"","format":"standard","meta":{"footnotes":""},"categories":[1],"tags":[],"class_list":["post-1782","post","type-post","status-publish","format-standard","has-post-thumbnail","hentry","category-general"],"_links":{"self":[{"href":"https:\/\/cordoba.gob.mx\/blog\/wp-json\/wp\/v2\/posts\/1782","targetHints":{"allow":["GET"]}}],"collection":[{"href":"https:\/\/cordoba.gob.mx\/blog\/wp-json\/wp\/v2\/posts"}],"about":[{"href":"https:\/\/cordoba.gob.mx\/blog\/wp-json\/wp\/v2\/types\/post"}],"author":[{"embeddable":true,"href":"https:\/\/cordoba.gob.mx\/blog\/wp-json\/wp\/v2\/users\/1"}],"replies":[{"embeddable":true,"href":"https:\/\/cordoba.gob.mx\/blog\/wp-json\/wp\/v2\/comments?post=1782"}],"version-history":[{"count":1,"href":"https:\/\/cordoba.gob.mx\/blog\/wp-json\/wp\/v2\/posts\/1782\/revisions"}],"predecessor-version":[{"id":1800,"href":"https:\/\/cordoba.gob.mx\/blog\/wp-json\/wp\/v2\/posts\/1782\/revisions\/1800"}],"wp:featuredmedia":[{"embeddable":true,"href":"https:\/\/cordoba.gob.mx\/blog\/wp-json\/wp\/v2\/media\/1792"}],"wp:attachment":[{"href":"https:\/\/cordoba.gob.mx\/blog\/wp-json\/wp\/v2\/media?parent=1782"}],"wp:term":[{"taxonomy":"category","embeddable":true,"href":"https:\/\/cordoba.gob.mx\/blog\/wp-json\/wp\/v2\/categories?post=1782"},{"taxonomy":"post_tag","embeddable":true,"href":"https:\/\/cordoba.gob.mx\/blog\/wp-json\/wp\/v2\/tags?post=1782"}],"curies":[{"name":"wp","href":"https:\/\/api.w.org\/{rel}","templated":true}]}}