{"id":1801,"date":"2026-04-10T13:00:00","date_gmt":"2026-04-10T19:00:00","guid":{"rendered":"https:\/\/cordoba.gob.mx\/blog\/?p=1801"},"modified":"2026-04-21T10:46:13","modified_gmt":"2026-04-21T16:46:13","slug":"junta-electoral-municipal-llama-a-ciudadania-a-votar-para-eleccion-de-agentes-y-subagentes-municipales","status":"publish","type":"post","link":"https:\/\/cordoba.gob.mx\/blog\/junta-electoral-municipal-llama-a-ciudadania-a-votar-para-eleccion-de-agentes-y-subagentes-municipales\/","title":{"rendered":"Junta Electoral Municipal llama a ciudadan\u00eda a votar para elecci\u00f3n de agentes y subagentes municipales"},"content":{"rendered":"\n<p>Todo se encuentra listo para que este domingo se desarrolle la elecci\u00f3n de agentes y subagentes municipales en C\u00f3rdoba para el periodo 2026-2030, y V\u00edctor Miguel Alem\u00e1n Garc\u00eda, presidente de la Junta Electoral Municipal, hace un llamado a la ciudadan\u00eda en general para acudir a las urnas y que elijan a sus representantes ante el Ayuntamiento.<\/p>\n\n\n\n<p>\u201cYa estamos a unas horas de que arranque el proceso electoral para este domingo, invitamos a toda la ciudadan\u00eda de las 29 rancher\u00edas y las 10 congregaciones que conforman las 39 comunidades rurales del municipio en C\u00f3rdoba para que acudan a votar, que asistan con toda confianza y que elijan a quienes los representar\u00e1n durante el per\u00edodo 2026-2030\u201d, apunta Alem\u00e1n Garc\u00eda.<\/p>\n\n\n\n<p>La ciudadan\u00eda que vive en alguna de las diez agencias y 29 subagencias municipales podr\u00e1n acudir a votar siempre y cuando tengan vigente su credencial para votar (INE). \u201cLas casillas se instalar\u00e1n a partir de las 07:30 horas, y la votaci\u00f3n arrancar\u00e1 a las 08:00 horas y hasta las 18:00 horas del d\u00eda domingo, y posteriormente se dar\u00e1 el conteo y se publicar\u00e1 donde est\u00e1n instaladas las casillas el resultado de la votaci\u00f3n para conocer cu\u00e1ntos sufragios tuvo cada candidato\u201d, afirma.<\/p>\n\n\n\n<p>Una vez concluido la elecci\u00f3n, la Junta Electoral Municipal proceder\u00e1 a realizar el c\u00f3mputo de la elecci\u00f3n de cada agencia o subagencia, y posteriormente emitir\u00e1n un expediente que deber\u00e1n remitir al Ayuntamiento que ser\u00e1 quien declare la validez de la elecci\u00f3n y quien expedir\u00e1 las constancias de mayor\u00eda a los candidatos que resulten electos.<\/p>\n\n\n\n<p>\u201cEl lunes se realizar\u00e1 una sesi\u00f3n de computo para publicar los resultados de cada comunidad, y el que califica al final es el Cabildo, la Junta Electoral Municipal le proporcionar\u00e1 toda la informaci\u00f3n correspondiente\u201d.<\/p>\n\n\n\n<p>\u201cS\u00ed, esta misma noche dar\u00e1 comienzo la Ley Seca. Cabe aclarar que no es en todo el municipio, sino en las comunidades rurales que tendr\u00e1n un proceso electoral, comenzando este viernes a las 23:59 horas y finalizar\u00e1 el d\u00eda domingo a las 23:59 horas\u201d.<\/p>\n\n\n\n<figure class=\"wp-block-image size-large\"><img loading=\"lazy\" decoding=\"async\" width=\"1024\" height=\"683\" src=\"https:\/\/cordoba.gob.mx\/blog\/wp-content\/uploads\/2026\/04\/DSC_3426.jpg-1024x683.jpeg\" alt=\"\" class=\"wp-image-1806\" srcset=\"https:\/\/cordoba.gob.mx\/blog\/wp-content\/uploads\/2026\/04\/DSC_3426.jpg-1024x683.jpeg 1024w, https:\/\/cordoba.gob.mx\/blog\/wp-content\/uploads\/2026\/04\/DSC_3426.jpg-300x200.jpeg 300w, https:\/\/cordoba.gob.mx\/blog\/wp-content\/uploads\/2026\/04\/DSC_3426.jpg-768x512.jpeg 768w, https:\/\/cordoba.gob.mx\/blog\/wp-content\/uploads\/2026\/04\/DSC_3426.jpg-1536x1024.jpeg 1536w, https:\/\/cordoba.gob.mx\/blog\/wp-content\/uploads\/2026\/04\/DSC_3426.jpg-2048x1365.jpeg 2048w\" sizes=\"auto, (max-width: 1024px) 100vw, 1024px\" \/><\/figure>\n","protected":false},"excerpt":{"rendered":"<p>Todo se encuentra listo para que este domingo se desarrolle la elecci\u00f3n de agentes y subagentes municipales en C\u00f3rdoba para el periodo 2026-2030, y V\u00edctor Miguel Alem\u00e1n Garc\u00eda, presidente de la Junta Electoral Municipal, hace un llamado a la ciudadan\u00eda en general para acudir a las urnas y que elijan a sus representantes ante el [&hellip;]<\/p>\n","protected":false},"author":1,"featured_media":1804,"comment_status":"closed","ping_status":"open","sticky":false,"template":"","format":"standard","meta":{"footnotes":""},"categories":[1],"tags":[],"class_list":["post-1801","post","type-post","status-publish","format-standard","has-post-thumbnail","hentry","category-general"],"_links":{"self":[{"href":"https:\/\/cordoba.gob.mx\/blog\/wp-json\/wp\/v2\/posts\/1801","targetHints":{"allow":["GET"]}}],"collection":[{"href":"https:\/\/cordoba.gob.mx\/blog\/wp-json\/wp\/v2\/posts"}],"about":[{"href":"https:\/\/cordoba.gob.mx\/blog\/wp-json\/wp\/v2\/types\/post"}],"author":[{"embeddable":true,"href":"https:\/\/cordoba.gob.mx\/blog\/wp-json\/wp\/v2\/users\/1"}],"replies":[{"embeddable":true,"href":"https:\/\/cordoba.gob.mx\/blog\/wp-json\/wp\/v2\/comments?post=1801"}],"version-history":[{"count":1,"href":"https:\/\/cordoba.gob.mx\/blog\/wp-json\/wp\/v2\/posts\/1801\/revisions"}],"predecessor-version":[{"id":1809,"href":"https:\/\/cordoba.gob.mx\/blog\/wp-json\/wp\/v2\/posts\/1801\/revisions\/1809"}],"wp:featuredmedia":[{"embeddable":true,"href":"https:\/\/cordoba.gob.mx\/blog\/wp-json\/wp\/v2\/media\/1804"}],"wp:attachment":[{"href":"https:\/\/cordoba.gob.mx\/blog\/wp-json\/wp\/v2\/media?parent=1801"}],"wp:term":[{"taxonomy":"category","embeddable":true,"href":"https:\/\/cordoba.gob.mx\/blog\/wp-json\/wp\/v2\/categories?post=1801"},{"taxonomy":"post_tag","embeddable":true,"href":"https:\/\/cordoba.gob.mx\/blog\/wp-json\/wp\/v2\/tags?post=1801"}],"curies":[{"name":"wp","href":"https:\/\/api.w.org\/{rel}","templated":true}]}}