{"id":1811,"date":"2026-04-11T12:00:00","date_gmt":"2026-04-11T18:00:00","guid":{"rendered":"https:\/\/cordoba.gob.mx\/blog\/?p=1811"},"modified":"2026-04-21T10:49:51","modified_gmt":"2026-04-21T16:49:51","slug":"representativo-cubano-conquista-el-torneo-internacional-sub-19","status":"publish","type":"post","link":"https:\/\/cordoba.gob.mx\/blog\/representativo-cubano-conquista-el-torneo-internacional-sub-19\/","title":{"rendered":"Representativo cubano conquista el Torneo Internacional Sub 19"},"content":{"rendered":"\n<p>El Torneo Internacional Sub 19 de beisbol concluy\u00f3 este s\u00e1bado en el estadio Beisborama, y el representativo de Cuba (Academia de Beisbol de Alto Rendimiento Mex-Cub) venci\u00f3 por pizarra de 5-3 a Cafeteros de C\u00f3rdoba para proclamarse campe\u00f3n de la segunda edici\u00f3n de dicho evento.<\/p>\n\n\n\n<p>La gran final reuni\u00f3 a la afici\u00f3n cordobesa, y el alcalde Manuel Alonso Cerezo estuvo presente en la tribuna apoyando al equipo de casa; el tercer puesto se lo adjudic\u00f3 la Academia HH que derrot\u00f3 a la Academia Connect en un juego desarrollado este mismo s\u00e1bado por la ma\u00f1ana.<\/p>\n\n\n\n<p>El duelo por el t\u00edtulo fue emocionante de inicio a fin, y cuando parec\u00eda que el equipo cubano se quedaba con la victoria y la corona, los Cafeteros igualaron el score 2-2 y alargaron el juego a extrainnings.<\/p>\n\n\n\n<p>La Academia de Beisbol de Alto Rendimiento Mex-Cub coloc\u00f3 tres rayitas en la octava alta y se adelantaron 5-2 gracias al cuadrangular de Adri\u00e1n Garc\u00eda; con todo en contra, los Cafeteros lucharon para mantenerse en la pelea en la parte baja del octavo rollo, pero Jos\u00e9 Fernando Galv\u00e1n sac\u00f3 el \u00faltimo out y le dio el t\u00edtulo al representativo cubano.<\/p>\n\n\n\n<p>Jair Garc\u00eda se llev\u00f3 la victoria con salvamento de Jos\u00e9 Galv\u00e1n; el propio Galv\u00e1n fue condecorado como el Mejor pitcher del torneo, mientras que Adri\u00e1n Garc\u00eda fue campe\u00f3n de cuadrangulares y MVP de la gran final. Ricardo Rinc\u00f3n, jefe de Deporte del Ayuntamiento de C\u00f3rdoba, felicit\u00f3 a los equipos participantes, organizadores y a los campeones, al tiempo que junto al comit\u00e9 organizador del evento entreg\u00f3 los correspondientes trofeos. C\u00f3rdoba, hist\u00f3rica por su tradici\u00f3n beisbolera, vibr\u00f3 en un escenario que guarda gran parte de la identidad cordobesa.<\/p>\n\n\n\n<figure class=\"wp-block-gallery has-nested-images columns-default is-cropped wp-block-gallery-1 is-layout-flex wp-block-gallery-is-layout-flex\">\n<figure class=\"wp-block-image size-large\"><img loading=\"lazy\" decoding=\"async\" width=\"1024\" height=\"575\" data-id=\"1814\" src=\"https:\/\/cordoba.gob.mx\/blog\/wp-content\/uploads\/2026\/04\/beis-2-1024x575.jpg\" alt=\"\" class=\"wp-image-1814\" srcset=\"https:\/\/cordoba.gob.mx\/blog\/wp-content\/uploads\/2026\/04\/beis-2-1024x575.jpg 1024w, https:\/\/cordoba.gob.mx\/blog\/wp-content\/uploads\/2026\/04\/beis-2-300x168.jpg 300w, https:\/\/cordoba.gob.mx\/blog\/wp-content\/uploads\/2026\/04\/beis-2-768x431.jpg 768w, https:\/\/cordoba.gob.mx\/blog\/wp-content\/uploads\/2026\/04\/beis-2-1536x863.jpg 1536w, https:\/\/cordoba.gob.mx\/blog\/wp-content\/uploads\/2026\/04\/beis-2.jpg 2048w\" sizes=\"auto, (max-width: 1024px) 100vw, 1024px\" \/><\/figure>\n\n\n\n<figure class=\"wp-block-image size-large\"><img loading=\"lazy\" decoding=\"async\" width=\"1024\" height=\"575\" data-id=\"1815\" src=\"https:\/\/cordoba.gob.mx\/blog\/wp-content\/uploads\/2026\/04\/beis-8-1024x575.jpg\" alt=\"\" class=\"wp-image-1815\" srcset=\"https:\/\/cordoba.gob.mx\/blog\/wp-content\/uploads\/2026\/04\/beis-8-1024x575.jpg 1024w, https:\/\/cordoba.gob.mx\/blog\/wp-content\/uploads\/2026\/04\/beis-8-300x168.jpg 300w, https:\/\/cordoba.gob.mx\/blog\/wp-content\/uploads\/2026\/04\/beis-8-768x431.jpg 768w, https:\/\/cordoba.gob.mx\/blog\/wp-content\/uploads\/2026\/04\/beis-8-1536x863.jpg 1536w, https:\/\/cordoba.gob.mx\/blog\/wp-content\/uploads\/2026\/04\/beis-8.jpg 2048w\" sizes=\"auto, (max-width: 1024px) 100vw, 1024px\" \/><\/figure>\n\n\n\n<figure class=\"wp-block-image size-large\"><img loading=\"lazy\" decoding=\"async\" width=\"1024\" height=\"575\" data-id=\"1816\" src=\"https:\/\/cordoba.gob.mx\/blog\/wp-content\/uploads\/2026\/04\/beis-19-1024x575.jpg\" alt=\"\" class=\"wp-image-1816\" srcset=\"https:\/\/cordoba.gob.mx\/blog\/wp-content\/uploads\/2026\/04\/beis-19-1024x575.jpg 1024w, https:\/\/cordoba.gob.mx\/blog\/wp-content\/uploads\/2026\/04\/beis-19-300x168.jpg 300w, https:\/\/cordoba.gob.mx\/blog\/wp-content\/uploads\/2026\/04\/beis-19-768x431.jpg 768w, https:\/\/cordoba.gob.mx\/blog\/wp-content\/uploads\/2026\/04\/beis-19-1536x863.jpg 1536w, https:\/\/cordoba.gob.mx\/blog\/wp-content\/uploads\/2026\/04\/beis-19.jpg 2048w\" sizes=\"auto, (max-width: 1024px) 100vw, 1024px\" \/><\/figure>\n\n\n\n<figure class=\"wp-block-image size-large\"><img loading=\"lazy\" decoding=\"async\" width=\"1024\" height=\"575\" data-id=\"1817\" src=\"https:\/\/cordoba.gob.mx\/blog\/wp-content\/uploads\/2026\/04\/beis-1024x575.jpg\" alt=\"\" class=\"wp-image-1817\" srcset=\"https:\/\/cordoba.gob.mx\/blog\/wp-content\/uploads\/2026\/04\/beis-1024x575.jpg 1024w, https:\/\/cordoba.gob.mx\/blog\/wp-content\/uploads\/2026\/04\/beis-300x168.jpg 300w, https:\/\/cordoba.gob.mx\/blog\/wp-content\/uploads\/2026\/04\/beis-768x431.jpg 768w, https:\/\/cordoba.gob.mx\/blog\/wp-content\/uploads\/2026\/04\/beis-1536x863.jpg 1536w, https:\/\/cordoba.gob.mx\/blog\/wp-content\/uploads\/2026\/04\/beis.jpg 2048w\" sizes=\"auto, (max-width: 1024px) 100vw, 1024px\" \/><\/figure>\n<\/figure>\n","protected":false},"excerpt":{"rendered":"<p>El Torneo Internacional Sub 19 de beisbol concluy\u00f3 este s\u00e1bado en el estadio Beisborama, y el representativo de Cuba (Academia de Beisbol de Alto Rendimiento Mex-Cub) venci\u00f3 por pizarra de 5-3 a Cafeteros de C\u00f3rdoba para proclamarse campe\u00f3n de la segunda edici\u00f3n de dicho evento. La gran final reuni\u00f3 a la afici\u00f3n cordobesa, y el [&hellip;]<\/p>\n","protected":false},"author":1,"featured_media":1813,"comment_status":"closed","ping_status":"open","sticky":false,"template":"","format":"standard","meta":{"footnotes":""},"categories":[1],"tags":[],"class_list":["post-1811","post","type-post","status-publish","format-standard","has-post-thumbnail","hentry","category-general"],"_links":{"self":[{"href":"https:\/\/cordoba.gob.mx\/blog\/wp-json\/wp\/v2\/posts\/1811","targetHints":{"allow":["GET"]}}],"collection":[{"href":"https:\/\/cordoba.gob.mx\/blog\/wp-json\/wp\/v2\/posts"}],"about":[{"href":"https:\/\/cordoba.gob.mx\/blog\/wp-json\/wp\/v2\/types\/post"}],"author":[{"embeddable":true,"href":"https:\/\/cordoba.gob.mx\/blog\/wp-json\/wp\/v2\/users\/1"}],"replies":[{"embeddable":true,"href":"https:\/\/cordoba.gob.mx\/blog\/wp-json\/wp\/v2\/comments?post=1811"}],"version-history":[{"count":1,"href":"https:\/\/cordoba.gob.mx\/blog\/wp-json\/wp\/v2\/posts\/1811\/revisions"}],"predecessor-version":[{"id":1819,"href":"https:\/\/cordoba.gob.mx\/blog\/wp-json\/wp\/v2\/posts\/1811\/revisions\/1819"}],"wp:featuredmedia":[{"embeddable":true,"href":"https:\/\/cordoba.gob.mx\/blog\/wp-json\/wp\/v2\/media\/1813"}],"wp:attachment":[{"href":"https:\/\/cordoba.gob.mx\/blog\/wp-json\/wp\/v2\/media?parent=1811"}],"wp:term":[{"taxonomy":"category","embeddable":true,"href":"https:\/\/cordoba.gob.mx\/blog\/wp-json\/wp\/v2\/categories?post=1811"},{"taxonomy":"post_tag","embeddable":true,"href":"https:\/\/cordoba.gob.mx\/blog\/wp-json\/wp\/v2\/tags?post=1811"}],"curies":[{"name":"wp","href":"https:\/\/api.w.org\/{rel}","templated":true}]}}