{"id":1821,"date":"2026-04-12T10:00:00","date_gmt":"2026-04-12T16:00:00","guid":{"rendered":"https:\/\/cordoba.gob.mx\/blog\/?p=1821"},"modified":"2026-04-21T10:59:47","modified_gmt":"2026-04-21T16:59:47","slug":"abren-rodada-por-la-paz-en-cordoba","status":"publish","type":"post","link":"https:\/\/cordoba.gob.mx\/blog\/abren-rodada-por-la-paz-en-cordoba\/","title":{"rendered":"Abren \u2018Rodada por la paz\u2019 en C\u00f3rdoba"},"content":{"rendered":"\n<p>Con la participaci\u00f3n de 280 ciclistas de la ciudad y la regi\u00f3n, este domingo arranc\u00f3 la denominada &#8216;Rodada por La Paz&#8217;, evento que se recorrer\u00e1 durante el d\u00eda en los municipios de C\u00f3rdoba, Tomatl\u00e1n, Ixhuatl\u00e1n del Caf\u00e9 y Amatl\u00e1n de los Reyes; un recorrido de 60 kil\u00f3metros en los que principalmente se hace una llamado a la paz.<\/p>\n\n\n\n<p>Previo al banderazo, Manuel Alonso Cerezo, presidente municipal, felicit\u00f3 a los corredores y record\u00f3 que la administraci\u00f3n p\u00fablica 2026-2029 apuesta al deporte y la cultura. \u201cEs una muy buena iniciativa para compartir el deporte con la seguridad, y como saben en la administraci\u00f3n le apostamos mucho al deporte y la cultura, y hoy domingo quienes participan deben sacrificar las fiestas para poder llegar al evento, y los felicito por sumarse a esta rodada\u201d.<\/p>\n\n\n\n<p>A la primera autoridad lo acompa\u00f1aron Irene Sedas Gonz\u00e1lez, s\u00edndica municipal, Mar\u00eda Angela Ordinola Camarillo, regidora primera, Glorisel Ixmatlahua, regidora tercera, Itzel L\u00f3pez Gonz\u00e1lez, regidora cuarta, Jaqueline Rodr\u00edguez Berista\u00edn, regidora sexta, Nhesma Faride Telis Arano, regidora s\u00e9ptima, Claudia Olga de la Huerta Manjarrez, regidora octava, Jos\u00e9 Medina Rahme, regidor d\u00e9cimo, Minerva L\u00f3pez Villegas, secretaria t\u00e9cnica de la Mesa de la Paz, Dennis Araceli Lira Tosqui, coordinadora de Bienestar Social, Luis \u00c1ngel Vargas Miranda, director de Seguridad y Protecci\u00f3n Ciudadana, as\u00ed como Concepci\u00f3n Guillermina M\u00e9ndez L\u00f3pez, presidenta municipal de Amatl\u00e1n de los Reyes, entre otras autoridades.<\/p>\n\n\n\n<p>El recorrido tocar\u00e1 el municipio de Tomatl\u00e1n, Ixhuatl\u00e1n del Caf\u00e9 y concluir\u00e1 en Amatl\u00e1n de los Reyes; en el evento participaron ciclistas de diversos clubes de C\u00f3rdoba y la regi\u00f3n, quienes llamaron a las autoridades para realizar m\u00e1s eventos de su deporte, ya que consideran que es una actividad familiar.<\/p>\n\n\n\n<p>Manuel Alonso Cerezo, primera autoridad de la ciudad, forma parte del recorrido con su propio equipo, por lo que resalt\u00f3 que es un domingo especial ya que convive con la comunidad de ciclistas.<\/p>\n\n\n\n<figure class=\"wp-block-image size-full is-resized\"><img loading=\"lazy\" decoding=\"async\" width=\"1024\" height=\"683\" src=\"https:\/\/cordoba.gob.mx\/blog\/wp-content\/uploads\/2026\/04\/1.jpg\" alt=\"\" class=\"wp-image-1831\" style=\"aspect-ratio:22.067022538552788;width:581px;height:auto\" srcset=\"https:\/\/cordoba.gob.mx\/blog\/wp-content\/uploads\/2026\/04\/1.jpg 1024w, https:\/\/cordoba.gob.mx\/blog\/wp-content\/uploads\/2026\/04\/1-300x200.jpg 300w, https:\/\/cordoba.gob.mx\/blog\/wp-content\/uploads\/2026\/04\/1-768x512.jpg 768w\" sizes=\"auto, (max-width: 1024px) 100vw, 1024px\" \/><\/figure>\n","protected":false},"excerpt":{"rendered":"<p>Con la participaci\u00f3n de 280 ciclistas de la ciudad y la regi\u00f3n, este domingo arranc\u00f3 la denominada &#8216;Rodada por La Paz&#8217;, evento que se recorrer\u00e1 durante el d\u00eda en los municipios de C\u00f3rdoba, Tomatl\u00e1n, Ixhuatl\u00e1n del Caf\u00e9 y Amatl\u00e1n de los Reyes; un recorrido de 60 kil\u00f3metros en los que principalmente se hace una llamado [&hellip;]<\/p>\n","protected":false},"author":1,"featured_media":1833,"comment_status":"closed","ping_status":"open","sticky":false,"template":"","format":"standard","meta":{"footnotes":""},"categories":[1],"tags":[],"class_list":["post-1821","post","type-post","status-publish","format-standard","has-post-thumbnail","hentry","category-general"],"_links":{"self":[{"href":"https:\/\/cordoba.gob.mx\/blog\/wp-json\/wp\/v2\/posts\/1821","targetHints":{"allow":["GET"]}}],"collection":[{"href":"https:\/\/cordoba.gob.mx\/blog\/wp-json\/wp\/v2\/posts"}],"about":[{"href":"https:\/\/cordoba.gob.mx\/blog\/wp-json\/wp\/v2\/types\/post"}],"author":[{"embeddable":true,"href":"https:\/\/cordoba.gob.mx\/blog\/wp-json\/wp\/v2\/users\/1"}],"replies":[{"embeddable":true,"href":"https:\/\/cordoba.gob.mx\/blog\/wp-json\/wp\/v2\/comments?post=1821"}],"version-history":[{"count":1,"href":"https:\/\/cordoba.gob.mx\/blog\/wp-json\/wp\/v2\/posts\/1821\/revisions"}],"predecessor-version":[{"id":1845,"href":"https:\/\/cordoba.gob.mx\/blog\/wp-json\/wp\/v2\/posts\/1821\/revisions\/1845"}],"wp:featuredmedia":[{"embeddable":true,"href":"https:\/\/cordoba.gob.mx\/blog\/wp-json\/wp\/v2\/media\/1833"}],"wp:attachment":[{"href":"https:\/\/cordoba.gob.mx\/blog\/wp-json\/wp\/v2\/media?parent=1821"}],"wp:term":[{"taxonomy":"category","embeddable":true,"href":"https:\/\/cordoba.gob.mx\/blog\/wp-json\/wp\/v2\/categories?post=1821"},{"taxonomy":"post_tag","embeddable":true,"href":"https:\/\/cordoba.gob.mx\/blog\/wp-json\/wp\/v2\/tags?post=1821"}],"curies":[{"name":"wp","href":"https:\/\/api.w.org\/{rel}","templated":true}]}}