{"id":1954,"date":"2026-04-23T14:34:28","date_gmt":"2026-04-23T20:34:28","guid":{"rendered":"https:\/\/cordoba.gob.mx\/blog\/?p=1954"},"modified":"2026-04-24T14:43:32","modified_gmt":"2026-04-24T20:43:32","slug":"todo-listo-para-las-semifinales-de-la-batalla-de-cordoba","status":"publish","type":"post","link":"https:\/\/cordoba.gob.mx\/blog\/todo-listo-para-las-semifinales-de-la-batalla-de-cordoba\/","title":{"rendered":"Todo listo para las semifinales de la Batalla de C\u00f3rdoba"},"content":{"rendered":"\n<p>C\u00f3rdoba, Ver., a 23 de abril del 2026.- La Jefatura de Deporte del Ayuntamiento de C\u00f3rdoba, con el respaldo de la Asociaci\u00f3n Municipal de Boxeo y los diversos clubes de la ciudad y la regi\u00f3n, tiene todo listo para la funci\u00f3n box\u00edstica de este viernes 24 de abril a las 19:00 horas en el gimnasio Escobar Boxing.<\/p>\n\n\n\n<p>Este jueves en las instalaciones de la Arena C\u00f3rdoba se desarroll\u00f3 la ceremonia de pesaje para las peleas preliminares y las semifinales de las categor\u00edas varoniles hasta 60 kilos y hasta 70 kilos, as\u00ed como la rueda de prensa en la que se conocieron pormenores del evento y donde se presentaron los cinturones para los futuros campeones.<\/p>\n\n\n\n<p>Ricardo Rinc\u00f3n Espinoza, jefe de Deporte, Guillermo Cort\u00e9s Gonz\u00e1lez, encargado de Infraestructura Deportiva Municipal, Roberto D\u00edaz, presidente de la Asociaci\u00f3n Municipal de Boxeo, y Manuel Alonso Mend\u00edvil, invitado especial, dieron detalles del evento, destacando la presentaci\u00f3n de los dos cinturones que acreditar\u00e1n a los futuros campeones en las divisiones ligero -60 kilos y -70 kilos, adem\u00e1s de garantizar que la funci\u00f3n contar\u00e1 con todas las medidas de seguridad y atenci\u00f3n m\u00e9dica, recordando que cada combate se dar\u00e1 a tres rounds.<\/p>\n\n\n\n<figure class=\"wp-block-image size-large\"><img loading=\"lazy\" decoding=\"async\" width=\"1024\" height=\"683\" src=\"https:\/\/cordoba.gob.mx\/blog\/wp-content\/uploads\/2026\/04\/BOXEO7-1024x683.jpg\" alt=\"\" class=\"wp-image-1956\" srcset=\"https:\/\/cordoba.gob.mx\/blog\/wp-content\/uploads\/2026\/04\/BOXEO7-1024x683.jpg 1024w, https:\/\/cordoba.gob.mx\/blog\/wp-content\/uploads\/2026\/04\/BOXEO7-300x200.jpg 300w, https:\/\/cordoba.gob.mx\/blog\/wp-content\/uploads\/2026\/04\/BOXEO7-768x512.jpg 768w, https:\/\/cordoba.gob.mx\/blog\/wp-content\/uploads\/2026\/04\/BOXEO7-1536x1025.jpg 1536w, https:\/\/cordoba.gob.mx\/blog\/wp-content\/uploads\/2026\/04\/BOXEO7.jpg 2048w\" sizes=\"auto, (max-width: 1024px) 100vw, 1024px\" \/><\/figure>\n\n\n\n<p>Rinc\u00f3n Espinoza, jefe de Deporte, anunci\u00f3 que son cinco las peleas preliminares para est\u00e1 noche de viernes, adem\u00e1s de los cuatro combates de semifinales; la invitaci\u00f3n es abierta a la afici\u00f3n en general, recordando que es un espacio limitado, por lo que es clave acceder al inmueble previo a la funci\u00f3n para reservar sus respectivos espacios.<\/p>\n\n\n\n<p>El evento permitir\u00e1 encontrar talentos de cara a las etapas municipales y estatales de la Olimpiada Nacional del pr\u00f3ximo a\u00f1o, pero adem\u00e1s para captar a posibles futuros seleccionados nacionales.<\/p>\n\n\n\n<p>En las preliminares se enfrentar\u00e1n: Son Martell L\u00f3pez de Fight Club ante Luis Silva de Boxing 73 en Mosca ligero hasta 48 kilos; Ra\u00fal Rojas de Fight Club enfrentar\u00e1 a Christopher Nava de Boxing 73 en Ligero hasta 60 kilos, y en la misma divisi\u00f3n Yahir Garc\u00eda Nava de Escobar Boxing se medir\u00e1 a Eduardo Mendoza de la Academia Boxeo Legado, y tambi\u00e9n Irving Isa\u00ed Gil de Escobar Boxing ver\u00e1 acci\u00f3n contra V\u00edctor Jes\u00fas Hinojosa de Pro Ring Boxing; mientras que en pelea de Exhibici\u00f3n de peso completo estar\u00e1n en combate Juan Carlos Dorantes de Escobar Boxing contra Fernando Hern\u00e1ndez.<\/p>\n\n\n\n<figure class=\"wp-block-image aligncenter size-large is-resized\"><img loading=\"lazy\" decoding=\"async\" width=\"819\" height=\"1024\" src=\"https:\/\/cordoba.gob.mx\/blog\/wp-content\/uploads\/2026\/04\/WhatsApp-Image-2026-04-23-at-4.12.46-PM-819x1024.jpeg\" alt=\"\" class=\"wp-image-1957\" style=\"aspect-ratio:0.7998071204693402;width:340px;height:auto\" srcset=\"https:\/\/cordoba.gob.mx\/blog\/wp-content\/uploads\/2026\/04\/WhatsApp-Image-2026-04-23-at-4.12.46-PM-819x1024.jpeg 819w, https:\/\/cordoba.gob.mx\/blog\/wp-content\/uploads\/2026\/04\/WhatsApp-Image-2026-04-23-at-4.12.46-PM-240x300.jpeg 240w, https:\/\/cordoba.gob.mx\/blog\/wp-content\/uploads\/2026\/04\/WhatsApp-Image-2026-04-23-at-4.12.46-PM-768x960.jpeg 768w, https:\/\/cordoba.gob.mx\/blog\/wp-content\/uploads\/2026\/04\/WhatsApp-Image-2026-04-23-at-4.12.46-PM.jpeg 1080w\" sizes=\"auto, (max-width: 819px) 100vw, 819px\" \/><\/figure>\n\n\n\n<p>En las peleas de semifinales de la categor\u00eda Ligero hasta 60 kgs se enfrentar\u00e1n Alexis S\u00e1nchez de CBCC ante Thomas Huerta de Figth Club, y Raziel Reyes de Escobar Boxing contra C\u00e9sar Manuel L\u00f3pez del CMB.<\/p>\n\n\n\n<figure class=\"wp-block-image aligncenter size-large is-resized\"><img loading=\"lazy\" decoding=\"async\" width=\"819\" height=\"1024\" src=\"https:\/\/cordoba.gob.mx\/blog\/wp-content\/uploads\/2026\/04\/WhatsApp-Image-2026-04-23-at-4.12.46-PM-1-819x1024.jpeg\" alt=\"\" class=\"wp-image-1958\" style=\"aspect-ratio:0.7998217865894408;width:341px;height:auto\" srcset=\"https:\/\/cordoba.gob.mx\/blog\/wp-content\/uploads\/2026\/04\/WhatsApp-Image-2026-04-23-at-4.12.46-PM-1-819x1024.jpeg 819w, https:\/\/cordoba.gob.mx\/blog\/wp-content\/uploads\/2026\/04\/WhatsApp-Image-2026-04-23-at-4.12.46-PM-1-240x300.jpeg 240w, https:\/\/cordoba.gob.mx\/blog\/wp-content\/uploads\/2026\/04\/WhatsApp-Image-2026-04-23-at-4.12.46-PM-1-768x960.jpeg 768w, https:\/\/cordoba.gob.mx\/blog\/wp-content\/uploads\/2026\/04\/WhatsApp-Image-2026-04-23-at-4.12.46-PM-1.jpeg 1080w\" sizes=\"auto, (max-width: 819px) 100vw, 819px\" \/><\/figure>\n\n\n\n<p>Finalmente, en Ligero hasta 70 kilos, Ailton Allende del CBCC pelear\u00e1 su boleto a la final contra Erick Luna de Fight Club, y en la otra llave se medir\u00e1n Rafael Morales de Fight Club contra \u00c1ngel Garc\u00eda de Escobar Boxing.<\/p>\n\n\n\n<p>Los ganadores de las categor\u00edas Ligero hasta 60 kg y Ligero hasta 70 kg, disputar\u00e1n las finales el pr\u00f3ximo 23 de mayo en el gimnasio Unidad y Trabajo (San Jos\u00e9). De esta manera la Jefatura de Deporte contin\u00faa la promoci\u00f3n de cada una de las disciplinas que se desarrollan en el municipio.<\/p>\n","protected":false},"excerpt":{"rendered":"<p>C\u00f3rdoba, Ver., a 23 de abril del 2026.- La Jefatura de Deporte del Ayuntamiento de C\u00f3rdoba, con el respaldo de la Asociaci\u00f3n Municipal de Boxeo y los diversos clubes de la ciudad y la regi\u00f3n, tiene todo listo para la funci\u00f3n box\u00edstica de este viernes 24 de abril a las 19:00 horas en el gimnasio [&hellip;]<\/p>\n","protected":false},"author":1,"featured_media":1955,"comment_status":"closed","ping_status":"open","sticky":false,"template":"","format":"standard","meta":{"footnotes":""},"categories":[1],"tags":[],"class_list":["post-1954","post","type-post","status-publish","format-standard","has-post-thumbnail","hentry","category-general"],"_links":{"self":[{"href":"https:\/\/cordoba.gob.mx\/blog\/wp-json\/wp\/v2\/posts\/1954","targetHints":{"allow":["GET"]}}],"collection":[{"href":"https:\/\/cordoba.gob.mx\/blog\/wp-json\/wp\/v2\/posts"}],"about":[{"href":"https:\/\/cordoba.gob.mx\/blog\/wp-json\/wp\/v2\/types\/post"}],"author":[{"embeddable":true,"href":"https:\/\/cordoba.gob.mx\/blog\/wp-json\/wp\/v2\/users\/1"}],"replies":[{"embeddable":true,"href":"https:\/\/cordoba.gob.mx\/blog\/wp-json\/wp\/v2\/comments?post=1954"}],"version-history":[{"count":1,"href":"https:\/\/cordoba.gob.mx\/blog\/wp-json\/wp\/v2\/posts\/1954\/revisions"}],"predecessor-version":[{"id":1959,"href":"https:\/\/cordoba.gob.mx\/blog\/wp-json\/wp\/v2\/posts\/1954\/revisions\/1959"}],"wp:featuredmedia":[{"embeddable":true,"href":"https:\/\/cordoba.gob.mx\/blog\/wp-json\/wp\/v2\/media\/1955"}],"wp:attachment":[{"href":"https:\/\/cordoba.gob.mx\/blog\/wp-json\/wp\/v2\/media?parent=1954"}],"wp:term":[{"taxonomy":"category","embeddable":true,"href":"https:\/\/cordoba.gob.mx\/blog\/wp-json\/wp\/v2\/categories?post=1954"},{"taxonomy":"post_tag","embeddable":true,"href":"https:\/\/cordoba.gob.mx\/blog\/wp-json\/wp\/v2\/tags?post=1954"}],"curies":[{"name":"wp","href":"https:\/\/api.w.org\/{rel}","templated":true}]}}