{"id":1960,"date":"2026-04-23T15:00:33","date_gmt":"2026-04-23T21:00:33","guid":{"rendered":"https:\/\/cordoba.gob.mx\/blog\/?p=1960"},"modified":"2026-04-24T15:06:17","modified_gmt":"2026-04-24T21:06:17","slug":"fortalece-cordoba-difusion-del-patrimonio-historico-sobre-yugos-de-piedra","status":"publish","type":"post","link":"https:\/\/cordoba.gob.mx\/blog\/fortalece-cordoba-difusion-del-patrimonio-historico-sobre-yugos-de-piedra\/","title":{"rendered":"Fortalece C\u00f3rdoba difusi\u00f3n del patrimonio hist\u00f3rico sobre yugos de piedra"},"content":{"rendered":"\n<p>C\u00f3rdoba, Ver., 23 de abril de 2026. \u2013 En el marco del 408 aniversario de la fundaci\u00f3n de C\u00f3rdoba y el 50 aniversario del Museo de C\u00f3rdoba, a trav\u00e9s de la Jefatura de Cultura, en coordinaci\u00f3n con dicho recinto, impuls\u00f3 la charla informativa \u201cYugos de piedra \u00bfJugaban con ellos?\u201d, como parte de las actividades orientadas a promover del enriquecimiento del conocimiento cultural e hist\u00f3rico en la ciudad.<\/p>\n\n\n\n<p>La ponencia estuvo a cargo del licenciado en antropolog\u00eda y especialista en arqueolog\u00eda, Manuel Moreno D\u00edaz, quien comparti\u00f3 con los visitantes el origen, caracter\u00edsticas y posibles usos de los yugos de piedra, artefactos precolombinos vinculados al juego de pelota practicada por varias civilizaciones mesoamericanas.<\/p>\n\n\n\n<figure class=\"wp-block-image aligncenter size-large is-resized\"><img loading=\"lazy\" decoding=\"async\" width=\"1365\" height=\"911\" src=\"https:\/\/cordoba.gob.mx\/blog\/wp-content\/uploads\/2026\/04\/yugos-edited.jpg\" alt=\"\" class=\"wp-image-1963\" style=\"width:790px;height:auto\" srcset=\"https:\/\/cordoba.gob.mx\/blog\/wp-content\/uploads\/2026\/04\/yugos-edited.jpg 1365w, https:\/\/cordoba.gob.mx\/blog\/wp-content\/uploads\/2026\/04\/yugos-edited-300x200.jpg 300w, https:\/\/cordoba.gob.mx\/blog\/wp-content\/uploads\/2026\/04\/yugos-edited-1024x683.jpg 1024w, https:\/\/cordoba.gob.mx\/blog\/wp-content\/uploads\/2026\/04\/yugos-edited-768x513.jpg 768w\" sizes=\"auto, (max-width: 1365px) 100vw, 1365px\" \/><\/figure>\n\n\n\n<p>Durante su intervenci\u00f3n, el especialista subray\u00f3 la relevancia de estos artefactos antiguos como elementos clave para comprender la organizaci\u00f3n social, cultural y simb\u00f3lica de los pueblos originarios, destacando la importancia de su estudio para fortalecer el conocimiento hist\u00f3rico en la regi\u00f3n.<\/p>\n\n\n\n<p>Asimismo, la ciudadan\u00eda participante tuvo la oportunidad de interactuar directamente mediante un espacio de preguntas, generando un di\u00e1logo qu\u00e9 contribuy\u00f3 al saber de los presentes.<\/p>\n\n\n\n<figure class=\"wp-block-image aligncenter size-large is-resized\"><img loading=\"lazy\" decoding=\"async\" width=\"1024\" height=\"576\" src=\"https:\/\/cordoba.gob.mx\/blog\/wp-content\/uploads\/2026\/04\/tugos-6-1024x576.jpg\" alt=\"\" class=\"wp-image-1964\" style=\"width:798px;height:auto\" srcset=\"https:\/\/cordoba.gob.mx\/blog\/wp-content\/uploads\/2026\/04\/tugos-6-1024x576.jpg 1024w, https:\/\/cordoba.gob.mx\/blog\/wp-content\/uploads\/2026\/04\/tugos-6-300x169.jpg 300w, https:\/\/cordoba.gob.mx\/blog\/wp-content\/uploads\/2026\/04\/tugos-6-768x432.jpg 768w, https:\/\/cordoba.gob.mx\/blog\/wp-content\/uploads\/2026\/04\/tugos-6-1536x864.jpg 1536w, https:\/\/cordoba.gob.mx\/blog\/wp-content\/uploads\/2026\/04\/tugos-6.jpg 2048w\" sizes=\"auto, (max-width: 1024px) 100vw, 1024px\" \/><\/figure>\n\n\n\n<p>Despu\u00e9s de concluir la charla informativa el jefe de Cultura, Ra\u00fal Tovar Guti\u00e9rrez, y la directora del Museo de C\u00f3rdoba, M\u00f3nica Arr\u00f3niz De la Huerta, entregaron un reconocimiento al ponente por su destacada aportaci\u00f3n acad\u00e9mica y su compromiso con la divulgaci\u00f3n del patrimonio arqueol\u00f3gico.<\/p>\n\n\n\n<figure class=\"wp-block-image aligncenter size-large is-resized\"><img loading=\"lazy\" decoding=\"async\" width=\"1365\" height=\"911\" src=\"https:\/\/cordoba.gob.mx\/blog\/wp-content\/uploads\/2026\/04\/yugos-4-edited.jpg\" alt=\"\" class=\"wp-image-1966\" style=\"width:803px;height:auto\" srcset=\"https:\/\/cordoba.gob.mx\/blog\/wp-content\/uploads\/2026\/04\/yugos-4-edited.jpg 1365w, https:\/\/cordoba.gob.mx\/blog\/wp-content\/uploads\/2026\/04\/yugos-4-edited-300x200.jpg 300w, https:\/\/cordoba.gob.mx\/blog\/wp-content\/uploads\/2026\/04\/yugos-4-edited-1024x683.jpg 1024w, https:\/\/cordoba.gob.mx\/blog\/wp-content\/uploads\/2026\/04\/yugos-4-edited-768x513.jpg 768w\" sizes=\"auto, (max-width: 1365px) 100vw, 1365px\" \/><\/figure>\n\n\n\n<p>Posteriormente, se realiz\u00f3 un recorrido de la exposici\u00f3n titulada \u201cEntre el juego y el inframundo misterioso: yugos, palmas y hachas\u201d, donde se presentaron distintas muestras de yugos de piedra, entre otros elementos, contando con el propio ponente quien brind\u00f3 una explicaci\u00f3n detallada sobre el trasfondo de estas piezas, complementando la informaci\u00f3n compartida durante la charla y fortaleciendo la experiencia cultural de las y los visitantes. Con este tipo de iniciativas, el Ayuntamiento de C\u00f3rdoba reafirma su compromiso para la generaci\u00f3n de espacios que acerquen el conocimiento a la ciudadan\u00eda, fortaleciendo el acercamiento a la cultura y la historia de las familias cordobesas y de los visitantes de la ciudad.<\/p>\n","protected":false},"excerpt":{"rendered":"<p>C\u00f3rdoba, Ver., 23 de abril de 2026. \u2013 En el marco del 408 aniversario de la fundaci\u00f3n de C\u00f3rdoba y el 50 aniversario del Museo de C\u00f3rdoba, a trav\u00e9s de la Jefatura de Cultura, en coordinaci\u00f3n con dicho recinto, impuls\u00f3 la charla informativa \u201cYugos de piedra \u00bfJugaban con ellos?\u201d, como parte de las actividades orientadas [&hellip;]<\/p>\n","protected":false},"author":1,"featured_media":1961,"comment_status":"closed","ping_status":"open","sticky":false,"template":"","format":"standard","meta":{"footnotes":""},"categories":[1],"tags":[],"class_list":["post-1960","post","type-post","status-publish","format-standard","has-post-thumbnail","hentry","category-general"],"_links":{"self":[{"href":"https:\/\/cordoba.gob.mx\/blog\/wp-json\/wp\/v2\/posts\/1960","targetHints":{"allow":["GET"]}}],"collection":[{"href":"https:\/\/cordoba.gob.mx\/blog\/wp-json\/wp\/v2\/posts"}],"about":[{"href":"https:\/\/cordoba.gob.mx\/blog\/wp-json\/wp\/v2\/types\/post"}],"author":[{"embeddable":true,"href":"https:\/\/cordoba.gob.mx\/blog\/wp-json\/wp\/v2\/users\/1"}],"replies":[{"embeddable":true,"href":"https:\/\/cordoba.gob.mx\/blog\/wp-json\/wp\/v2\/comments?post=1960"}],"version-history":[{"count":1,"href":"https:\/\/cordoba.gob.mx\/blog\/wp-json\/wp\/v2\/posts\/1960\/revisions"}],"predecessor-version":[{"id":1967,"href":"https:\/\/cordoba.gob.mx\/blog\/wp-json\/wp\/v2\/posts\/1960\/revisions\/1967"}],"wp:featuredmedia":[{"embeddable":true,"href":"https:\/\/cordoba.gob.mx\/blog\/wp-json\/wp\/v2\/media\/1961"}],"wp:attachment":[{"href":"https:\/\/cordoba.gob.mx\/blog\/wp-json\/wp\/v2\/media?parent=1960"}],"wp:term":[{"taxonomy":"category","embeddable":true,"href":"https:\/\/cordoba.gob.mx\/blog\/wp-json\/wp\/v2\/categories?post=1960"},{"taxonomy":"post_tag","embeddable":true,"href":"https:\/\/cordoba.gob.mx\/blog\/wp-json\/wp\/v2\/tags?post=1960"}],"curies":[{"name":"wp","href":"https:\/\/api.w.org\/{rel}","templated":true}]}}