{"id":1968,"date":"2026-04-24T15:11:50","date_gmt":"2026-04-24T21:11:50","guid":{"rendered":"https:\/\/cordoba.gob.mx\/blog\/?p=1968"},"modified":"2026-04-24T15:11:50","modified_gmt":"2026-04-24T21:11:50","slug":"impulsa-cordoba-educacion-y-cultura-apoyando-exposicion-infantil-intercultural","status":"publish","type":"post","link":"https:\/\/cordoba.gob.mx\/blog\/impulsa-cordoba-educacion-y-cultura-apoyando-exposicion-infantil-intercultural\/","title":{"rendered":"Impulsa C\u00f3rdoba educaci\u00f3n y cultura apoyando Exposici\u00f3n Infantil Intercultural"},"content":{"rendered":"\n<p>C\u00f3rdoba, Ver., a 24 de abril de 2026. \u2013 Como parte de las acciones que fortalecen la educaci\u00f3n y la expresi\u00f3n cultural en la ni\u00f1ez, el Ayuntamiento de C\u00f3rdoba, a trav\u00e9s de la Jefatura de Educaci\u00f3n y la Secretar\u00eda del Ayuntamiento, respald\u00f3 la Exposici\u00f3n \u201cConociendo el mundo a trav\u00e9s del arte\u201d, presentada por el Colegio del sector Preescolar Von Glumer en el Parque 21 de Mayo.<\/p>\n\n\n\n<p>Durante el recorrido, el presidente municipal, Manuel Alonso Cerezo, acompa\u00f1ado de la presidenta del Sistema DIF Municipal, Carolina Mend\u00edvil de Alonso; la regidora primera, Mar\u00eda Angela Ordinola Camarillo; la regidora s\u00e9ptima, Nhesma Faride Telis Arano; y la regidora octava, Claudia Olga de la Huerta Manjarrez, reconocieron el esfuerzo de las y los estudiantes, as\u00ed como la labor educativa que impulsa este tipo de proyectos formativos.<\/p>\n\n\n\n<figure class=\"wp-block-image aligncenter size-large is-resized\"><img loading=\"lazy\" decoding=\"async\" width=\"1024\" height=\"683\" src=\"https:\/\/cordoba.gob.mx\/blog\/wp-content\/uploads\/2026\/04\/EXPO1-1024x683.jpg\" alt=\"\" class=\"wp-image-1970\" style=\"width:781px;height:auto\" srcset=\"https:\/\/cordoba.gob.mx\/blog\/wp-content\/uploads\/2026\/04\/EXPO1-1024x683.jpg 1024w, https:\/\/cordoba.gob.mx\/blog\/wp-content\/uploads\/2026\/04\/EXPO1-300x200.jpg 300w, https:\/\/cordoba.gob.mx\/blog\/wp-content\/uploads\/2026\/04\/EXPO1-768x512.jpg 768w, https:\/\/cordoba.gob.mx\/blog\/wp-content\/uploads\/2026\/04\/EXPO1-1536x1025.jpg 1536w, https:\/\/cordoba.gob.mx\/blog\/wp-content\/uploads\/2026\/04\/EXPO1.jpg 2048w\" sizes=\"auto, (max-width: 1024px) 100vw, 1024px\" \/><\/figure>\n\n\n\n<p>Este proyecto educativo permiti\u00f3 que ni\u00f1as y ni\u00f1os compartieran representaciones internacionales culturales de pa\u00edses como Egipto, Finlandia, Italia, Francia y China, mediante la exhibici\u00f3n de pinturas, esculturas, recreaciones de monumentos y expresiones de arte viviente en las que los ni\u00f1os y ni\u00f1as explicaron el trasfondo cultural de cada muestra compartida para enriquecer su aprendizaje tanto como para los mismos estudiantes como de las personas que acompa\u00f1aron esta jornada educativa.<\/p>\n\n\n\n<p>La iniciativa tuvo como objetivo impulsar el desarrollo integral de la ni\u00f1ez, promoviendo la interculturalidad como un eje de aprendizaje, as\u00ed como el fortalecimiento de la expresi\u00f3n oral y el conocimiento del entorno global desde edades tempranas.<\/p>\n\n\n\n<figure class=\"wp-block-image aligncenter size-large is-resized\"><img loading=\"lazy\" decoding=\"async\" width=\"1024\" height=\"683\" src=\"https:\/\/cordoba.gob.mx\/blog\/wp-content\/uploads\/2026\/04\/EXPO-3-1024x683.jpg\" alt=\"\" class=\"wp-image-1971\" style=\"aspect-ratio:1.4993128575537729;width:805px;height:auto\" srcset=\"https:\/\/cordoba.gob.mx\/blog\/wp-content\/uploads\/2026\/04\/EXPO-3-1024x683.jpg 1024w, https:\/\/cordoba.gob.mx\/blog\/wp-content\/uploads\/2026\/04\/EXPO-3-300x200.jpg 300w, https:\/\/cordoba.gob.mx\/blog\/wp-content\/uploads\/2026\/04\/EXPO-3-768x512.jpg 768w, https:\/\/cordoba.gob.mx\/blog\/wp-content\/uploads\/2026\/04\/EXPO-3-1536x1025.jpg 1536w, https:\/\/cordoba.gob.mx\/blog\/wp-content\/uploads\/2026\/04\/EXPO-3.jpg 2048w\" sizes=\"auto, (max-width: 1024px) 100vw, 1024px\" \/><\/figure>\n\n\n\n<p>Asimismo, la ciudadan\u00eda que se dio cita en el Parque 21 de Mayo tuvo la oportunidad de recorrer las exposiciones, disfrutando de un evento familiar que enriqueci\u00f3 el conocimiento cultural y promovi\u00f3 la convivencia en un espacio p\u00fablico emblem\u00e1tico de la ciudad. Con este tipo de acciones, el Ayuntamiento de C\u00f3rdoba reafirma su compromiso de continuar generando las condiciones necesarias para que la educaci\u00f3n, la cultura y la participaci\u00f3n ciudadana sigan desarroll\u00e1ndose en espacios p\u00fablicos accesibles para todas y todos.<\/p>\n","protected":false},"excerpt":{"rendered":"<p>C\u00f3rdoba, Ver., a 24 de abril de 2026. \u2013 Como parte de las acciones que fortalecen la educaci\u00f3n y la expresi\u00f3n cultural en la ni\u00f1ez, el Ayuntamiento de C\u00f3rdoba, a trav\u00e9s de la Jefatura de Educaci\u00f3n y la Secretar\u00eda del Ayuntamiento, respald\u00f3 la Exposici\u00f3n \u201cConociendo el mundo a trav\u00e9s del arte\u201d, presentada por el Colegio [&hellip;]<\/p>\n","protected":false},"author":1,"featured_media":1969,"comment_status":"closed","ping_status":"open","sticky":false,"template":"","format":"standard","meta":{"footnotes":""},"categories":[1],"tags":[],"class_list":["post-1968","post","type-post","status-publish","format-standard","has-post-thumbnail","hentry","category-general"],"_links":{"self":[{"href":"https:\/\/cordoba.gob.mx\/blog\/wp-json\/wp\/v2\/posts\/1968","targetHints":{"allow":["GET"]}}],"collection":[{"href":"https:\/\/cordoba.gob.mx\/blog\/wp-json\/wp\/v2\/posts"}],"about":[{"href":"https:\/\/cordoba.gob.mx\/blog\/wp-json\/wp\/v2\/types\/post"}],"author":[{"embeddable":true,"href":"https:\/\/cordoba.gob.mx\/blog\/wp-json\/wp\/v2\/users\/1"}],"replies":[{"embeddable":true,"href":"https:\/\/cordoba.gob.mx\/blog\/wp-json\/wp\/v2\/comments?post=1968"}],"version-history":[{"count":1,"href":"https:\/\/cordoba.gob.mx\/blog\/wp-json\/wp\/v2\/posts\/1968\/revisions"}],"predecessor-version":[{"id":1972,"href":"https:\/\/cordoba.gob.mx\/blog\/wp-json\/wp\/v2\/posts\/1968\/revisions\/1972"}],"wp:featuredmedia":[{"embeddable":true,"href":"https:\/\/cordoba.gob.mx\/blog\/wp-json\/wp\/v2\/media\/1969"}],"wp:attachment":[{"href":"https:\/\/cordoba.gob.mx\/blog\/wp-json\/wp\/v2\/media?parent=1968"}],"wp:term":[{"taxonomy":"category","embeddable":true,"href":"https:\/\/cordoba.gob.mx\/blog\/wp-json\/wp\/v2\/categories?post=1968"},{"taxonomy":"post_tag","embeddable":true,"href":"https:\/\/cordoba.gob.mx\/blog\/wp-json\/wp\/v2\/tags?post=1968"}],"curies":[{"name":"wp","href":"https:\/\/api.w.org\/{rel}","templated":true}]}}