{"id":1981,"date":"2026-04-24T10:01:24","date_gmt":"2026-04-24T16:01:24","guid":{"rendered":"https:\/\/cordoba.gob.mx\/blog\/?p=1981"},"modified":"2026-04-27T10:06:23","modified_gmt":"2026-04-27T16:06:23","slug":"inicia-segundo-festival-de-las-aves-2026-en-la-laguna-del-porvenir","status":"publish","type":"post","link":"https:\/\/cordoba.gob.mx\/blog\/inicia-segundo-festival-de-las-aves-2026-en-la-laguna-del-porvenir\/","title":{"rendered":"Inicia Segundo Festival de las Aves 2026 en la Laguna del Porvenir"},"content":{"rendered":"\n<p>C\u00f3rdoba, Ver., a 24 de abril de 2026.\u2013 Con la participaci\u00f3n de autoridades municipales y representantes de distintos sectores, dio inicio el Segundo Festival de las Aves 2026 en la Laguna del Porvenir, una iniciativa orientada a fortalecer la conservaci\u00f3n ambiental, la educaci\u00f3n ecol\u00f3gica y el turismo sustentable en el municipio.<\/p>\n\n\n\n<p>En el arranque de actividades se cont\u00f3 con la presencia de la s\u00edndica Irene Sedas Gonz\u00e1lez; las regidoras Glorisel Ixmatlahua Rodr\u00edguez, Itzel L\u00f3pez Gonz\u00e1lez, Nayibe Sacre Gonz\u00e1lez, Jaquelin Rodr\u00edguez Beristain y Vania L\u00f3pez Gonz\u00e1lez; la presidenta del DIF Municipal, Carolina Mend\u00edvil de Alonso; el jefe de Turismo, Carlos Fern\u00e1ndez Ch\u00e1vez; as\u00ed como la coordinadora general del festival, Graciela Alc\u00e1ntara Salinas. El festival, que se desarrollar\u00e1 del 24 al 28 de abril en distintas sedes, contempla un programa<br>integral con conferencias, recorridos de observaci\u00f3n de aves, talleres ambientales y charlas educativas, dirigidas a fomentar la conciencia ecol\u00f3gica entre ni\u00f1as, ni\u00f1os, j\u00f3venes y poblaci\u00f3n en general.<\/p>\n\n\n\n<figure class=\"wp-block-image aligncenter size-large is-resized\"><img loading=\"lazy\" decoding=\"async\" width=\"1024\" height=\"682\" src=\"https:\/\/cordoba.gob.mx\/blog\/wp-content\/uploads\/2026\/04\/FESTIVAL-DE-LAS-AVES1-1024x682.jpeg\" alt=\"\" class=\"wp-image-1983\" style=\"width:739px;height:auto\" srcset=\"https:\/\/cordoba.gob.mx\/blog\/wp-content\/uploads\/2026\/04\/FESTIVAL-DE-LAS-AVES1-1024x682.jpeg 1024w, https:\/\/cordoba.gob.mx\/blog\/wp-content\/uploads\/2026\/04\/FESTIVAL-DE-LAS-AVES1-300x200.jpeg 300w, https:\/\/cordoba.gob.mx\/blog\/wp-content\/uploads\/2026\/04\/FESTIVAL-DE-LAS-AVES1-768x511.jpeg 768w, https:\/\/cordoba.gob.mx\/blog\/wp-content\/uploads\/2026\/04\/FESTIVAL-DE-LAS-AVES1.jpeg 1280w\" sizes=\"auto, (max-width: 1024px) 100vw, 1024px\" \/><\/figure>\n\n\n\n<p>Durante esta primera jornada participaron estudiantes de la Escuela Primaria Abraham Caba\u00f1as, de la localidad Agust\u00edn Mill\u00e1n, as\u00ed como de la Escuela Nicol\u00e1s Bravo y la Telesecundaria Vicente Guerrero, ambas de la comunidad del Porvenir. Asimismo, se inform\u00f3 que el evento contar\u00e1 con la participaci\u00f3n de municipios de la regi\u00f3n como Atoyac, Amatl\u00e1n y Coscomatepec, fortaleciendo la coordinaci\u00f3n intermunicipal en favor del cuidado de los ecosistemas.<\/p>\n\n\n\n<p>El desarrollo de este festival posiciona a C\u00f3rdoba como un espacio activo en la promoci\u00f3n de la educaci\u00f3n ambiental y la vinculaci\u00f3n comunitaria, integrando a instituciones, ciudadan\u00eda y gobiernos locales en torno a la protecci\u00f3n del entorno natural.<\/p>\n","protected":false},"excerpt":{"rendered":"<p>C\u00f3rdoba, Ver., a 24 de abril de 2026.\u2013 Con la participaci\u00f3n de autoridades municipales y representantes de distintos sectores, dio inicio el Segundo Festival de las Aves 2026 en la Laguna del Porvenir, una iniciativa orientada a fortalecer la conservaci\u00f3n ambiental, la educaci\u00f3n ecol\u00f3gica y el turismo sustentable en el municipio. En el arranque de [&hellip;]<\/p>\n","protected":false},"author":1,"featured_media":1982,"comment_status":"closed","ping_status":"open","sticky":false,"template":"","format":"standard","meta":{"footnotes":""},"categories":[1],"tags":[],"class_list":["post-1981","post","type-post","status-publish","format-standard","has-post-thumbnail","hentry","category-general"],"_links":{"self":[{"href":"https:\/\/cordoba.gob.mx\/blog\/wp-json\/wp\/v2\/posts\/1981","targetHints":{"allow":["GET"]}}],"collection":[{"href":"https:\/\/cordoba.gob.mx\/blog\/wp-json\/wp\/v2\/posts"}],"about":[{"href":"https:\/\/cordoba.gob.mx\/blog\/wp-json\/wp\/v2\/types\/post"}],"author":[{"embeddable":true,"href":"https:\/\/cordoba.gob.mx\/blog\/wp-json\/wp\/v2\/users\/1"}],"replies":[{"embeddable":true,"href":"https:\/\/cordoba.gob.mx\/blog\/wp-json\/wp\/v2\/comments?post=1981"}],"version-history":[{"count":1,"href":"https:\/\/cordoba.gob.mx\/blog\/wp-json\/wp\/v2\/posts\/1981\/revisions"}],"predecessor-version":[{"id":1984,"href":"https:\/\/cordoba.gob.mx\/blog\/wp-json\/wp\/v2\/posts\/1981\/revisions\/1984"}],"wp:featuredmedia":[{"embeddable":true,"href":"https:\/\/cordoba.gob.mx\/blog\/wp-json\/wp\/v2\/media\/1982"}],"wp:attachment":[{"href":"https:\/\/cordoba.gob.mx\/blog\/wp-json\/wp\/v2\/media?parent=1981"}],"wp:term":[{"taxonomy":"category","embeddable":true,"href":"https:\/\/cordoba.gob.mx\/blog\/wp-json\/wp\/v2\/categories?post=1981"},{"taxonomy":"post_tag","embeddable":true,"href":"https:\/\/cordoba.gob.mx\/blog\/wp-json\/wp\/v2\/tags?post=1981"}],"curies":[{"name":"wp","href":"https:\/\/api.w.org\/{rel}","templated":true}]}}