{"id":1985,"date":"2026-04-25T15:07:52","date_gmt":"2026-04-25T21:07:52","guid":{"rendered":"https:\/\/cordoba.gob.mx\/blog\/?p=1985"},"modified":"2026-04-27T15:13:37","modified_gmt":"2026-04-27T21:13:37","slug":"realizan-jornada-de-limpieza-y-mantenimiento-en-la-alameda-murillo-vidal","status":"publish","type":"post","link":"https:\/\/cordoba.gob.mx\/blog\/realizan-jornada-de-limpieza-y-mantenimiento-en-la-alameda-murillo-vidal\/","title":{"rendered":"Realizan jornada de limpieza y mantenimiento en la Alameda Murillo Vidal"},"content":{"rendered":"\n<p>C\u00f3rdoba, Ver., a 25 de abril de 2026.\u2013 Como parte del compromiso permanente con el bienestar de la ciudadan\u00eda y el mejoramiento de los espacios p\u00fablicos, la Coordinaci\u00f3n de Servicios Municipales realiz\u00f3 la faena correspondiente al \u00faltimo s\u00e1bado del mes, interviniendo puntos estrat\u00e9gicos de la ciudad.<\/p>\n\n\n\n<p>Durante esta jornada, particip\u00f3 activamente el personal administrativo de confianza de la Coordinaci\u00f3n, quienes se sumaron a las labores de limpieza, mantenimiento y rehabilitaci\u00f3n urbana, fortaleciendo el trabajo en equipo y el sentido de responsabilidad social.<\/p>\n\n\n\n<figure class=\"wp-block-image aligncenter size-large is-resized\"><img loading=\"lazy\" decoding=\"async\" width=\"1280\" height=\"853\" src=\"https:\/\/cordoba.gob.mx\/blog\/wp-content\/uploads\/2026\/04\/680374082_997021839521641_334184364049507856_n-edited.jpg\" alt=\"\" class=\"wp-image-1988\" style=\"aspect-ratio:1.5006127729108982;width:824px;height:auto\" srcset=\"https:\/\/cordoba.gob.mx\/blog\/wp-content\/uploads\/2026\/04\/680374082_997021839521641_334184364049507856_n-edited.jpg 1280w, https:\/\/cordoba.gob.mx\/blog\/wp-content\/uploads\/2026\/04\/680374082_997021839521641_334184364049507856_n-edited-300x200.jpg 300w, https:\/\/cordoba.gob.mx\/blog\/wp-content\/uploads\/2026\/04\/680374082_997021839521641_334184364049507856_n-edited-1024x682.jpg 1024w, https:\/\/cordoba.gob.mx\/blog\/wp-content\/uploads\/2026\/04\/680374082_997021839521641_334184364049507856_n-edited-768x512.jpg 768w\" sizes=\"auto, (max-width: 1280px) 100vw, 1280px\" \/><\/figure>\n\n\n\n<p>As\u00ed mismo se cont\u00f3 tambi\u00e9n con la colaboraci\u00f3n de la empresa Descamex, que se integr\u00f3 a las acciones en favor de la ciudad, demostrando su compromiso con el entorno y la comunidad.<\/p>\n\n\n\n<p>Cabe mencionar que las actividades se realizaron en el parque Alameda Murillo Vidal, donde se efectuaron trabajos de barrido manual, recolecci\u00f3n de residuos, deshierbe, limpieza de \u00e1reas verdes y atenci\u00f3n a espacios p\u00fablicos que requieren mantenimiento constante, impactando de manera positiva la imagen urbana y la calidad de vida de las y los cordobeses.<\/p>\n\n\n\n<figure class=\"wp-block-image aligncenter size-large\"><img loading=\"lazy\" decoding=\"async\" width=\"640\" height=\"853\" src=\"https:\/\/cordoba.gob.mx\/blog\/wp-content\/uploads\/2026\/04\/679055565_997021846188307_1044162980602016690_n-edited.jpg\" alt=\"\" class=\"wp-image-1990\" srcset=\"https:\/\/cordoba.gob.mx\/blog\/wp-content\/uploads\/2026\/04\/679055565_997021846188307_1044162980602016690_n-edited.jpg 640w, https:\/\/cordoba.gob.mx\/blog\/wp-content\/uploads\/2026\/04\/679055565_997021846188307_1044162980602016690_n-edited-225x300.jpg 225w\" sizes=\"auto, (max-width: 640px) 100vw, 640px\" \/><\/figure>\n\n\n\n<p>De esta manera la Coordinaci\u00f3n de Servicios Municipales reitera su compromiso de continuar trabajando de manera coordinada con la ciudadan\u00eda y el sector privado, promoviendo acciones que contribuyan a mantener una ciudad limpia, ordenada y digna para todas y todos.<\/p>\n","protected":false},"excerpt":{"rendered":"<p>C\u00f3rdoba, Ver., a 25 de abril de 2026.\u2013 Como parte del compromiso permanente con el bienestar de la ciudadan\u00eda y el mejoramiento de los espacios p\u00fablicos, la Coordinaci\u00f3n de Servicios Municipales realiz\u00f3 la faena correspondiente al \u00faltimo s\u00e1bado del mes, interviniendo puntos estrat\u00e9gicos de la ciudad. Durante esta jornada, particip\u00f3 activamente el personal administrativo de [&hellip;]<\/p>\n","protected":false},"author":1,"featured_media":1986,"comment_status":"closed","ping_status":"open","sticky":false,"template":"","format":"standard","meta":{"footnotes":""},"categories":[1],"tags":[],"class_list":["post-1985","post","type-post","status-publish","format-standard","has-post-thumbnail","hentry","category-general"],"_links":{"self":[{"href":"https:\/\/cordoba.gob.mx\/blog\/wp-json\/wp\/v2\/posts\/1985","targetHints":{"allow":["GET"]}}],"collection":[{"href":"https:\/\/cordoba.gob.mx\/blog\/wp-json\/wp\/v2\/posts"}],"about":[{"href":"https:\/\/cordoba.gob.mx\/blog\/wp-json\/wp\/v2\/types\/post"}],"author":[{"embeddable":true,"href":"https:\/\/cordoba.gob.mx\/blog\/wp-json\/wp\/v2\/users\/1"}],"replies":[{"embeddable":true,"href":"https:\/\/cordoba.gob.mx\/blog\/wp-json\/wp\/v2\/comments?post=1985"}],"version-history":[{"count":1,"href":"https:\/\/cordoba.gob.mx\/blog\/wp-json\/wp\/v2\/posts\/1985\/revisions"}],"predecessor-version":[{"id":1991,"href":"https:\/\/cordoba.gob.mx\/blog\/wp-json\/wp\/v2\/posts\/1985\/revisions\/1991"}],"wp:featuredmedia":[{"embeddable":true,"href":"https:\/\/cordoba.gob.mx\/blog\/wp-json\/wp\/v2\/media\/1986"}],"wp:attachment":[{"href":"https:\/\/cordoba.gob.mx\/blog\/wp-json\/wp\/v2\/media?parent=1985"}],"wp:term":[{"taxonomy":"category","embeddable":true,"href":"https:\/\/cordoba.gob.mx\/blog\/wp-json\/wp\/v2\/categories?post=1985"},{"taxonomy":"post_tag","embeddable":true,"href":"https:\/\/cordoba.gob.mx\/blog\/wp-json\/wp\/v2\/tags?post=1985"}],"curies":[{"name":"wp","href":"https:\/\/api.w.org\/{rel}","templated":true}]}}