{"id":1992,"date":"2026-04-26T15:13:50","date_gmt":"2026-04-26T21:13:50","guid":{"rendered":"https:\/\/cordoba.gob.mx\/blog\/?p=1992"},"modified":"2026-04-27T15:21:44","modified_gmt":"2026-04-27T21:21:44","slug":"conmemoran-408-aniversario-de-la-conformacion-del-primer-cabildo-de-cordoba","status":"publish","type":"post","link":"https:\/\/cordoba.gob.mx\/blog\/conmemoran-408-aniversario-de-la-conformacion-del-primer-cabildo-de-cordoba\/","title":{"rendered":"Conmemoran 408 aniversario de la conformaci\u00f3n del primer Cabildo de C\u00f3rdoba"},"content":{"rendered":"\n<p>C\u00f3rdoba, Ver., a 26 de abril de 2026.\u2013 El Honorable Ayuntamiento de C\u00f3rdoba este domingo conmemor\u00f3 el 408 aniversario de la conformaci\u00f3n del primer Cabildo de la Villa de C\u00f3rdoba, evento en el que participaron autoridades locales, integrantes de la Cruz Roja Mexicana Delegaci\u00f3n C\u00f3rdoba, y el Cabildo Infantil que rendir\u00e1 protesta este lunes 27 de abril.<\/p>\n\n\n\n<figure class=\"wp-block-image aligncenter size-large is-resized\"><img loading=\"lazy\" decoding=\"async\" width=\"2048\" height=\"1152\" src=\"https:\/\/cordoba.gob.mx\/blog\/wp-content\/uploads\/2026\/04\/3-1-edited.jpg\" alt=\"\" class=\"wp-image-1996\" style=\"width:700px;height:auto\" srcset=\"https:\/\/cordoba.gob.mx\/blog\/wp-content\/uploads\/2026\/04\/3-1-edited.jpg 2048w, https:\/\/cordoba.gob.mx\/blog\/wp-content\/uploads\/2026\/04\/3-1-edited-300x169.jpg 300w, https:\/\/cordoba.gob.mx\/blog\/wp-content\/uploads\/2026\/04\/3-1-edited-1024x576.jpg 1024w, https:\/\/cordoba.gob.mx\/blog\/wp-content\/uploads\/2026\/04\/3-1-edited-768x432.jpg 768w, https:\/\/cordoba.gob.mx\/blog\/wp-content\/uploads\/2026\/04\/3-1-edited-1536x864.jpg 1536w\" sizes=\"auto, (max-width: 2048px) 100vw, 2048px\" \/><\/figure>\n\n\n\n<p>Con la participaci\u00f3n de Manuel Alonso Cerezo, presidente municipal, acompa\u00f1ado de su esposa Carolina Mend\u00edvil de Alonso, presidenta del Sistema DIF Municipal, Irene Sedas Gonz\u00e1lez, s\u00edndica \u00fanica, y los regidores Mar\u00eda \u00c1ngela Ordinola Camarillo, Jorge Maximiliano Huerta V\u00e1zquez, Glorisel Ixmatlahua Rodr\u00edguez, Itzel L\u00f3pez Gonz\u00e1lez, Nayibe Sacre Gonz\u00e1lez, Jaqueline Rodr\u00edguez Berista\u00edn, Nhesma Faride Telis Arano, Claudia Olga De la Huerta Manjarrez, Vania L\u00f3pez Gonz\u00e1lez y Jos\u00e9 Javier Medina Rahme, as\u00ed como de Carlos F\u00e9lix Hern\u00e1ndez Salgado, secretario del Ayuntamiento, Jorge Manuel San Mart\u00edn Muguira, presidente del Consejo de la Cruz Roja Mexicana Delegaci\u00f3n C\u00f3rdoba, el Capit\u00e1n de Corbeta de Infanter\u00eda de la Mar\u00edna Paraca\u00eddista, Luis \u00c1ngel Vargas Miranda, director de Seguridad y Protecci\u00f3n Ciudadana, y el Cabildo Infantil, se realiz\u00f3 el acto c\u00edvico en la explanada del parque 21 de mayo.<\/p>\n\n\n\n<figure class=\"wp-block-image size-large\"><img loading=\"lazy\" decoding=\"async\" width=\"1024\" height=\"683\" src=\"https:\/\/cordoba.gob.mx\/blog\/wp-content\/uploads\/2026\/04\/CABILDO-INICIO-6-1024x683.jpg\" alt=\"\" class=\"wp-image-1997\" srcset=\"https:\/\/cordoba.gob.mx\/blog\/wp-content\/uploads\/2026\/04\/CABILDO-INICIO-6-1024x683.jpg 1024w, https:\/\/cordoba.gob.mx\/blog\/wp-content\/uploads\/2026\/04\/CABILDO-INICIO-6-300x200.jpg 300w, https:\/\/cordoba.gob.mx\/blog\/wp-content\/uploads\/2026\/04\/CABILDO-INICIO-6-768x512.jpg 768w, https:\/\/cordoba.gob.mx\/blog\/wp-content\/uploads\/2026\/04\/CABILDO-INICIO-6-1536x1025.jpg 1536w, https:\/\/cordoba.gob.mx\/blog\/wp-content\/uploads\/2026\/04\/CABILDO-INICIO-6.jpg 2048w\" sizes=\"auto, (max-width: 1024px) 100vw, 1024px\" \/><\/figure>\n\n\n\n<p>El acto rememora una fecha clave en la ciudad; el 26 de abril 1618, 17 familias se reunieron para ser nombradas como las primeras autoridades, un d\u00eda m\u00e1s tarde se decret\u00f3 la Fundaci\u00f3n de la Villa de C\u00f3rdoba, todo con la autorizaci\u00f3n del entonces rey Felipe III, quien dio permiso al virrey Diego Fern\u00e1ndez de C\u00f3rdoba, para fundar lo que hoy es nuestra ciudad. En el marco de esta fecha, el Ayuntamiento de C\u00f3rdoba estuvo acompa\u00f1ado por el denominado Cabildo Infantil, mismo que ma\u00f1ana realizar\u00e1n su propia sesi\u00f3n y que se encuentra integrado por Iker Vera Trejo, presidente municipal, Elliot Alberto Nieva Z\u00fa\u00f1iga, s\u00edndico, Ulises Maximiliano Rosales Lara, regidor primero, Renata L\u00f3pez Garc\u00eda, regidora segunda, Naomi Aguilar Colorado, regidora tercera, Alison Astrid De Le\u00f3n Eugenio, regidora cuarta, Gabriel Salcedo Carmona, regidor quinto, Gustavo El\u00edas Arellano Mart\u00ednez, regidor sexto, Kendra Sof\u00eda Quintana Acosta, regidora s\u00e9ptima, Javier Lezama Pantoja, regidor octavo, Edras Aguilar Hern\u00e1ndez, regidor noveno, y Alejandra Mirere Ortiz S\u00e1nchez, regidora d\u00e9cima.<\/p>\n","protected":false},"excerpt":{"rendered":"<p>C\u00f3rdoba, Ver., a 26 de abril de 2026.\u2013 El Honorable Ayuntamiento de C\u00f3rdoba este domingo conmemor\u00f3 el 408 aniversario de la conformaci\u00f3n del primer Cabildo de la Villa de C\u00f3rdoba, evento en el que participaron autoridades locales, integrantes de la Cruz Roja Mexicana Delegaci\u00f3n C\u00f3rdoba, y el Cabildo Infantil que rendir\u00e1 protesta este lunes 27 [&hellip;]<\/p>\n","protected":false},"author":1,"featured_media":1993,"comment_status":"closed","ping_status":"open","sticky":false,"template":"","format":"standard","meta":{"footnotes":""},"categories":[1],"tags":[],"class_list":["post-1992","post","type-post","status-publish","format-standard","has-post-thumbnail","hentry","category-general"],"_links":{"self":[{"href":"https:\/\/cordoba.gob.mx\/blog\/wp-json\/wp\/v2\/posts\/1992","targetHints":{"allow":["GET"]}}],"collection":[{"href":"https:\/\/cordoba.gob.mx\/blog\/wp-json\/wp\/v2\/posts"}],"about":[{"href":"https:\/\/cordoba.gob.mx\/blog\/wp-json\/wp\/v2\/types\/post"}],"author":[{"embeddable":true,"href":"https:\/\/cordoba.gob.mx\/blog\/wp-json\/wp\/v2\/users\/1"}],"replies":[{"embeddable":true,"href":"https:\/\/cordoba.gob.mx\/blog\/wp-json\/wp\/v2\/comments?post=1992"}],"version-history":[{"count":1,"href":"https:\/\/cordoba.gob.mx\/blog\/wp-json\/wp\/v2\/posts\/1992\/revisions"}],"predecessor-version":[{"id":1998,"href":"https:\/\/cordoba.gob.mx\/blog\/wp-json\/wp\/v2\/posts\/1992\/revisions\/1998"}],"wp:featuredmedia":[{"embeddable":true,"href":"https:\/\/cordoba.gob.mx\/blog\/wp-json\/wp\/v2\/media\/1993"}],"wp:attachment":[{"href":"https:\/\/cordoba.gob.mx\/blog\/wp-json\/wp\/v2\/media?parent=1992"}],"wp:term":[{"taxonomy":"category","embeddable":true,"href":"https:\/\/cordoba.gob.mx\/blog\/wp-json\/wp\/v2\/categories?post=1992"},{"taxonomy":"post_tag","embeddable":true,"href":"https:\/\/cordoba.gob.mx\/blog\/wp-json\/wp\/v2\/tags?post=1992"}],"curies":[{"name":"wp","href":"https:\/\/api.w.org\/{rel}","templated":true}]}}