{"id":1999,"date":"2026-04-26T15:23:18","date_gmt":"2026-04-26T21:23:18","guid":{"rendered":"https:\/\/cordoba.gob.mx\/blog\/?p=1999"},"modified":"2026-04-27T15:29:31","modified_gmt":"2026-04-27T21:29:31","slug":"realiza-ayuntamiento-en-coordinacion-de-bibliotecas-la-exposicion-libro-artesanal-veracruzano","status":"publish","type":"post","link":"https:\/\/cordoba.gob.mx\/blog\/realiza-ayuntamiento-en-coordinacion-de-bibliotecas-la-exposicion-libro-artesanal-veracruzano\/","title":{"rendered":"Realiza Ayuntamiento en coordinaci\u00f3n de Bibliotecas la Exposici\u00f3n \u201cLibro Artesanal Veracruzano\u201d"},"content":{"rendered":"\n<p>C\u00f3rdoba, Ver., a 26 de abril del 2026.- El Ayuntamiento de C\u00f3rdoba, a trav\u00e9s del departamento de Educaci\u00f3n y el \u00e1rea de Bibliotecas, este domingo realiz\u00f3 el Programa del Libro Artesanal Veracruzano, un evento dedicado a promover la creatividad, la expresi\u00f3n art\u00edstica y el talento de la comunidad.<\/p>\n\n\n\n<p>En dicho evento se cont\u00f3 con la presencia de Manuel Alonso Cerezo, presidente Municipal; Carolina Mend\u00edvil de Alonso, presidenta del Sistema DIF Municipal; Irene Sedas Gonz\u00e1lez, s\u00edndica \u00fanica; Mar\u00eda \u00c1ngela Ordinola Camarillo, regidora primera; Jorge Maximiliano Huerta V\u00e1zquez, regidor segundo; Itzel L\u00f3pez Gonz\u00e1lez, regidora cuarta; Nayibe Sacre Gonz\u00e1lez, regidora quinta; Jaqueline Rodr\u00edguez Berista\u00edn, regidora sexta; Nhesma Faride Telis Arano, regidora s\u00e9ptima y Jos\u00e9 Javier Medina Rahme, regidor d\u00e9cimo.<\/p>\n\n\n\n<figure class=\"wp-block-image aligncenter size-large is-resized\"><img loading=\"lazy\" decoding=\"async\" width=\"1024\" height=\"683\" src=\"https:\/\/cordoba.gob.mx\/blog\/wp-content\/uploads\/2026\/04\/LIBRO-1-1024x683.jpg\" alt=\"\" class=\"wp-image-2001\" style=\"width:800px;height:auto\" srcset=\"https:\/\/cordoba.gob.mx\/blog\/wp-content\/uploads\/2026\/04\/LIBRO-1-1024x683.jpg 1024w, https:\/\/cordoba.gob.mx\/blog\/wp-content\/uploads\/2026\/04\/LIBRO-1-300x200.jpg 300w, https:\/\/cordoba.gob.mx\/blog\/wp-content\/uploads\/2026\/04\/LIBRO-1-768x512.jpg 768w, https:\/\/cordoba.gob.mx\/blog\/wp-content\/uploads\/2026\/04\/LIBRO-1.jpg 1280w\" sizes=\"auto, (max-width: 1024px) 100vw, 1024px\" \/><\/figure>\n\n\n\n<p>Asimismo, se cont\u00f3 con la asistencia de Dennis Lira Tosqui, coordinadora de Bienestar Social; de Jos\u00e9 Manuel Espinosa Garc\u00eda, jefe de Educaci\u00f3n; as\u00ed como de la Lic. Ver\u00f3nica del Carmen Lemarroy Zeferino y el Lic. Francisco Mart\u00ednez Cambambia, asesores y creadores del Libro Artesanal Veracruzano, adem\u00e1s de participantes e invitados especiales que formaron parte de este importante evento.<\/p>\n\n\n\n<p>Durante la exposici\u00f3n se reconoci\u00f3 la participaci\u00f3n de instituciones educativas, bibliotecas municipales e independientes, as\u00ed como de las escuelas primarias Profesora Lilia Clara G\u00f3mez Montalv\u00e1n, Francisca Ar\u00e9valo de S\u00e1nchez, UGMEX y Josefa Ortiz de Dom\u00ednguez, junto con el CRAM, quienes contribuyeron con sus creaciones para enriquecer esta muestra cultural.<\/p>\n\n\n\n<figure class=\"wp-block-image aligncenter size-large is-resized\"><img loading=\"lazy\" decoding=\"async\" width=\"1024\" height=\"683\" src=\"https:\/\/cordoba.gob.mx\/blog\/wp-content\/uploads\/2026\/04\/LIBRO-25-1024x683.jpg\" alt=\"\" class=\"wp-image-2002\" style=\"width:717px;height:auto\" srcset=\"https:\/\/cordoba.gob.mx\/blog\/wp-content\/uploads\/2026\/04\/LIBRO-25-1024x683.jpg 1024w, https:\/\/cordoba.gob.mx\/blog\/wp-content\/uploads\/2026\/04\/LIBRO-25-300x200.jpg 300w, https:\/\/cordoba.gob.mx\/blog\/wp-content\/uploads\/2026\/04\/LIBRO-25-768x512.jpg 768w, https:\/\/cordoba.gob.mx\/blog\/wp-content\/uploads\/2026\/04\/LIBRO-25.jpg 1280w\" sizes=\"auto, (max-width: 1024px) 100vw, 1024px\" \/><\/figure>\n\n\n\n<p>Cabe mencionar que Los libros artesanales continuar\u00e1n en exhibici\u00f3n en las instalaciones de la Biblioteca Luis Sainz L\u00f3pez Negrete, donde permanecer\u00e1n disponibles para su apreciaci\u00f3n por parte del p\u00fablico.<\/p>\n\n\n\n<p>De esta manera el Ayuntamiento de C\u00f3rdoba reafirma su compromiso con el fomento a la cultura, la educaci\u00f3n y las artes en el municipio.<\/p>\n","protected":false},"excerpt":{"rendered":"<p>C\u00f3rdoba, Ver., a 26 de abril del 2026.- El Ayuntamiento de C\u00f3rdoba, a trav\u00e9s del departamento de Educaci\u00f3n y el \u00e1rea de Bibliotecas, este domingo realiz\u00f3 el Programa del Libro Artesanal Veracruzano, un evento dedicado a promover la creatividad, la expresi\u00f3n art\u00edstica y el talento de la comunidad. En dicho evento se cont\u00f3 con la [&hellip;]<\/p>\n","protected":false},"author":1,"featured_media":2000,"comment_status":"closed","ping_status":"open","sticky":false,"template":"","format":"standard","meta":{"footnotes":""},"categories":[1],"tags":[],"class_list":["post-1999","post","type-post","status-publish","format-standard","has-post-thumbnail","hentry","category-general"],"_links":{"self":[{"href":"https:\/\/cordoba.gob.mx\/blog\/wp-json\/wp\/v2\/posts\/1999","targetHints":{"allow":["GET"]}}],"collection":[{"href":"https:\/\/cordoba.gob.mx\/blog\/wp-json\/wp\/v2\/posts"}],"about":[{"href":"https:\/\/cordoba.gob.mx\/blog\/wp-json\/wp\/v2\/types\/post"}],"author":[{"embeddable":true,"href":"https:\/\/cordoba.gob.mx\/blog\/wp-json\/wp\/v2\/users\/1"}],"replies":[{"embeddable":true,"href":"https:\/\/cordoba.gob.mx\/blog\/wp-json\/wp\/v2\/comments?post=1999"}],"version-history":[{"count":1,"href":"https:\/\/cordoba.gob.mx\/blog\/wp-json\/wp\/v2\/posts\/1999\/revisions"}],"predecessor-version":[{"id":2003,"href":"https:\/\/cordoba.gob.mx\/blog\/wp-json\/wp\/v2\/posts\/1999\/revisions\/2003"}],"wp:featuredmedia":[{"embeddable":true,"href":"https:\/\/cordoba.gob.mx\/blog\/wp-json\/wp\/v2\/media\/2000"}],"wp:attachment":[{"href":"https:\/\/cordoba.gob.mx\/blog\/wp-json\/wp\/v2\/media?parent=1999"}],"wp:term":[{"taxonomy":"category","embeddable":true,"href":"https:\/\/cordoba.gob.mx\/blog\/wp-json\/wp\/v2\/categories?post=1999"},{"taxonomy":"post_tag","embeddable":true,"href":"https:\/\/cordoba.gob.mx\/blog\/wp-json\/wp\/v2\/tags?post=1999"}],"curies":[{"name":"wp","href":"https:\/\/api.w.org\/{rel}","templated":true}]}}