{"id":2004,"date":"2026-04-26T15:31:43","date_gmt":"2026-04-26T21:31:43","guid":{"rendered":"https:\/\/cordoba.gob.mx\/blog\/?p=2004"},"modified":"2026-04-27T15:37:39","modified_gmt":"2026-04-27T21:37:39","slug":"celebra-cordoba-su-identidad-por-el-408-aniversario-de-la-fundacion-de-la-villa-de-cordoba","status":"publish","type":"post","link":"https:\/\/cordoba.gob.mx\/blog\/celebra-cordoba-su-identidad-por-el-408-aniversario-de-la-fundacion-de-la-villa-de-cordoba\/","title":{"rendered":"Celebra C\u00f3rdoba su identidad por el 408 aniversario de la Fundaci\u00f3n de la Villa de C\u00f3rdoba"},"content":{"rendered":"\n<p>C\u00f3rdoba, Ver., a 26 de abril de 2026. \u2013 En el marco del 408 aniversario de la Fundaci\u00f3n de la Villa de C\u00f3rdoba y la conmemoraci\u00f3n del Primer Cabildo de la ciudad, a trav\u00e9s de las jefaturas de Cultura y Educaci\u00f3n, el Ayuntamiento de Cordoba realiz\u00f3 una serie de presentaciones art\u00edsticas para celebrar el patrimonio cultural e hist\u00f3rico de la ciudad.<\/p>\n\n\n\n<p>Tras concluir el arr\u00edo de la Bandera Nacional, el presidente municipal, Manuel Alonso Cerezo encabez\u00f3 la inauguraci\u00f3n de las presentaciones realizadas en la explanada del parque 21 de Mayo, donde las familias, ciudadan\u00eda y visitantes pudieron disfrutar de las diferentes puestas en escena llenado de color y entusiasmo el lugar, generando un espacio de convivencia y orgullo colectivo.<\/p>\n\n\n\n<figure class=\"wp-block-image aligncenter size-large is-resized\"><img loading=\"lazy\" decoding=\"async\" width=\"1024\" height=\"683\" src=\"https:\/\/cordoba.gob.mx\/blog\/wp-content\/uploads\/2026\/04\/PERFORMANCE-3-1024x683.jpg\" alt=\"\" class=\"wp-image-2007\" style=\"width:725px;height:auto\" srcset=\"https:\/\/cordoba.gob.mx\/blog\/wp-content\/uploads\/2026\/04\/PERFORMANCE-3-1024x683.jpg 1024w, https:\/\/cordoba.gob.mx\/blog\/wp-content\/uploads\/2026\/04\/PERFORMANCE-3-300x200.jpg 300w, https:\/\/cordoba.gob.mx\/blog\/wp-content\/uploads\/2026\/04\/PERFORMANCE-3-768x512.jpg 768w, https:\/\/cordoba.gob.mx\/blog\/wp-content\/uploads\/2026\/04\/PERFORMANCE-3.jpg 1280w\" sizes=\"auto, (max-width: 1024px) 100vw, 1024px\" \/><\/figure>\n\n\n\n<p>Durante la jornada cultural, el alcalde de la ciudad, estuvo acompa\u00f1ado de la presidenta del Sistema DIF municipal, Carolina Mend\u00edvil de Alonso; la sindica \u00fanica, Irene Sedas Gonz\u00e1lez; la regidora primera, Mar\u00eda \u00c1ngela Ordinola Camarillo; el regidor segundo, Jorge Maximiliano Huerta V\u00e1zquez; la regidora cuarta Itzel L\u00f3pez Gonz\u00e1lez; la regidora quinta, Nayibe Sacre Gonz\u00e1lez; la regidora sexta, Jaqueline Rodr\u00edguez Beristain; la regidora s\u00e9ptima, Nhesma Faride Telis Arano; la regidora octava, Claudia Olga de la Huerta Manjarrez y el regidor decimo, Jos\u00e9 Javier Medina Rahme.<\/p>\n\n\n\n<p>Las presentaciones comenzaron con la participaci\u00f3n de diferentes estampas mexicanas de la compa\u00f1\u00eda Folkl\u00f3rica San Francisco Toxpan, bajo la direcci\u00f3n de Karla Julieta Coria, posteriormente el p\u00fablico pudo disfrutar de un performance, donde los estudiantes de las escuelas primarias 21 de Mayo, Emiliano Zapata y Guillermo A. Sherwell protagonizaron una puesta en escena titulada \u201cC\u00f3rdoba, tierra de historia y libertad\u201d, en la que, mediante danza, m\u00fasica y recursos audiovisuales, realizaron un recorrido hist\u00f3rico desde los or\u00edgenes de la ciudad hasta la actualidad. Reafirmando el compromiso de la administraci\u00f3n para la preservaci\u00f3n de la historia e identidad cordobesa.<\/p>\n\n\n\n<figure class=\"wp-block-image aligncenter size-large is-resized\"><img loading=\"lazy\" decoding=\"async\" width=\"1024\" height=\"683\" src=\"https:\/\/cordoba.gob.mx\/blog\/wp-content\/uploads\/2026\/04\/PERFORMANCE-8-1024x683.jpg\" alt=\"\" class=\"wp-image-2008\" style=\"aspect-ratio:1.4993109784106569;width:578px;height:auto\" srcset=\"https:\/\/cordoba.gob.mx\/blog\/wp-content\/uploads\/2026\/04\/PERFORMANCE-8-1024x683.jpg 1024w, https:\/\/cordoba.gob.mx\/blog\/wp-content\/uploads\/2026\/04\/PERFORMANCE-8-300x200.jpg 300w, https:\/\/cordoba.gob.mx\/blog\/wp-content\/uploads\/2026\/04\/PERFORMANCE-8-768x512.jpg 768w, https:\/\/cordoba.gob.mx\/blog\/wp-content\/uploads\/2026\/04\/PERFORMANCE-8.jpg 1280w\" sizes=\"auto, (max-width: 1024px) 100vw, 1024px\" \/><\/figure>\n\n\n\n<p>Una vez concluidas las presentaciones el presidente dirigi\u00f3 unas palabras, destacando la importancia de fortalecer el sentido de pertenencia a trav\u00e9s del conocimiento hist\u00f3rico, reconociendo el esfuerzo de ni\u00f1as, ni\u00f1os, docentes y padres de familia por su destacada participaci\u00f3n, subrayando que la educaci\u00f3n es una herramienta fundamental para la transformaci\u00f3n de la ciudadan\u00eda y otorgando reconocimientos a las escuelas participantes. Con este tipo de actividades, el Ayuntamiento de C\u00f3rdoba refrenda su compromiso de promover la cultura, fortalecer la identidad local y fomentar la participaci\u00f3n ciudadana, consolidando a la ciudad como un referente de historia y libertad.<\/p>\n","protected":false},"excerpt":{"rendered":"<p>C\u00f3rdoba, Ver., a 26 de abril de 2026. \u2013 En el marco del 408 aniversario de la Fundaci\u00f3n de la Villa de C\u00f3rdoba y la conmemoraci\u00f3n del Primer Cabildo de la ciudad, a trav\u00e9s de las jefaturas de Cultura y Educaci\u00f3n, el Ayuntamiento de Cordoba realiz\u00f3 una serie de presentaciones art\u00edsticas para celebrar el patrimonio [&hellip;]<\/p>\n","protected":false},"author":1,"featured_media":2009,"comment_status":"closed","ping_status":"open","sticky":false,"template":"","format":"standard","meta":{"footnotes":""},"categories":[1],"tags":[],"class_list":["post-2004","post","type-post","status-publish","format-standard","has-post-thumbnail","hentry","category-general"],"_links":{"self":[{"href":"https:\/\/cordoba.gob.mx\/blog\/wp-json\/wp\/v2\/posts\/2004","targetHints":{"allow":["GET"]}}],"collection":[{"href":"https:\/\/cordoba.gob.mx\/blog\/wp-json\/wp\/v2\/posts"}],"about":[{"href":"https:\/\/cordoba.gob.mx\/blog\/wp-json\/wp\/v2\/types\/post"}],"author":[{"embeddable":true,"href":"https:\/\/cordoba.gob.mx\/blog\/wp-json\/wp\/v2\/users\/1"}],"replies":[{"embeddable":true,"href":"https:\/\/cordoba.gob.mx\/blog\/wp-json\/wp\/v2\/comments?post=2004"}],"version-history":[{"count":1,"href":"https:\/\/cordoba.gob.mx\/blog\/wp-json\/wp\/v2\/posts\/2004\/revisions"}],"predecessor-version":[{"id":2010,"href":"https:\/\/cordoba.gob.mx\/blog\/wp-json\/wp\/v2\/posts\/2004\/revisions\/2010"}],"wp:featuredmedia":[{"embeddable":true,"href":"https:\/\/cordoba.gob.mx\/blog\/wp-json\/wp\/v2\/media\/2009"}],"wp:attachment":[{"href":"https:\/\/cordoba.gob.mx\/blog\/wp-json\/wp\/v2\/media?parent=2004"}],"wp:term":[{"taxonomy":"category","embeddable":true,"href":"https:\/\/cordoba.gob.mx\/blog\/wp-json\/wp\/v2\/categories?post=2004"},{"taxonomy":"post_tag","embeddable":true,"href":"https:\/\/cordoba.gob.mx\/blog\/wp-json\/wp\/v2\/tags?post=2004"}],"curies":[{"name":"wp","href":"https:\/\/api.w.org\/{rel}","templated":true}]}}