{"id":2011,"date":"2026-04-27T15:43:44","date_gmt":"2026-04-27T21:43:44","guid":{"rendered":"https:\/\/cordoba.gob.mx\/blog\/?p=2011"},"modified":"2026-04-27T15:43:44","modified_gmt":"2026-04-27T21:43:44","slug":"ayuntamiento-conmemora-el-408-aniversario-de-la-fundacion-de-cordoba","status":"publish","type":"post","link":"https:\/\/cordoba.gob.mx\/blog\/ayuntamiento-conmemora-el-408-aniversario-de-la-fundacion-de-cordoba\/","title":{"rendered":"Ayuntamiento conmemora el 408 Aniversario de la Fundaci\u00f3n de C\u00f3rdoba"},"content":{"rendered":"\n<p>C\u00f3rdoba, Ver., a 27 de abril de 2026. \u2013 Con la participaci\u00f3n de la Escuela de Bachilleres Artes y Oficios, autoridades municipales y p\u00fablico en general, este lunes en acto c\u00edvico se conmemor\u00f3 el 408 Aniversario de la Fundaci\u00f3n de C\u00f3rdoba de 1618, evento celebrado en la Explanada del parque 21 de Mayo.<\/p>\n\n\n\n<p>El acto corri\u00f3 a cargo de docentes y alumnos de la Escuela Bachilleres Artes y Oficios, donde se recordaron los hechos que marcaron el nacimiento de nuestro municipio; C\u00f3rdoba se fund\u00f3 con el prop\u00f3sito de proteger el llamado Camino Real de Veracruz a M\u00e9xico, y fue decretado por el entonces virrey Diego Fern\u00e1ndez de C\u00f3rdoba, marqu\u00e9s de Guadalc\u00e1zar, bajo el reinado de Felipe III.<\/p>\n\n\n\n<figure class=\"wp-block-image aligncenter size-large is-resized\"><img loading=\"lazy\" decoding=\"async\" width=\"1024\" height=\"683\" src=\"https:\/\/cordoba.gob.mx\/blog\/wp-content\/uploads\/2026\/04\/FUNDACION-4-1-1024x683.jpg\" alt=\"\" class=\"wp-image-2014\" style=\"aspect-ratio:1.4993069032436928;width:620px;height:auto\" srcset=\"https:\/\/cordoba.gob.mx\/blog\/wp-content\/uploads\/2026\/04\/FUNDACION-4-1-1024x683.jpg 1024w, https:\/\/cordoba.gob.mx\/blog\/wp-content\/uploads\/2026\/04\/FUNDACION-4-1-300x200.jpg 300w, https:\/\/cordoba.gob.mx\/blog\/wp-content\/uploads\/2026\/04\/FUNDACION-4-1-768x512.jpg 768w, https:\/\/cordoba.gob.mx\/blog\/wp-content\/uploads\/2026\/04\/FUNDACION-4-1.jpg 1040w\" sizes=\"auto, (max-width: 1024px) 100vw, 1024px\" \/><\/figure>\n\n\n\n<p>En la ceremonia de este lunes estuvieron presentes Manuel Alonso Cerezo, presidente municipal; su esposa Carolina Mend\u00edvil de Alonso, presidenta del Sistema DIF municipal; as\u00ed como el cuerpo edilicio integrado por Irene Sedas Gonz\u00e1lez, s\u00edndica \u00fanica; Carlos F\u00e9lix Hern\u00e1ndez Salgado, secretario del Ayuntamiento; Mar\u00eda \u00c1ngela Ordinola Camarillo, regidora primera; Jorge Maximiliano Huerta V\u00e1zquez, regidor segundo; Glorisel Ixmatlahua Rodr\u00edguez, regidora tercera; Itzel L\u00f3pez Gonz\u00e1lez, regidora cuarta; Nayibe Sacre Gonz\u00e1lez, regidora quinta; Jaqueline Rodr\u00edguez Beristain, regidora sexta; Nhesma Faride Telis Arano, regidora s\u00e9ptima; Claudia Olga de la Huerta Manjarrez, regidora octava; Vania L\u00f3pez Gonz\u00e1lez, regidora novena; y Jos\u00e9 Javier Medina Rahme, regidor d\u00e9cimo, as\u00ed como el Capit\u00e1n de Corbeta Infanter\u00eda de Marina Paracaidista Luis \u00c1ngel Vargas Miranda, director de Seguridad y Protecci\u00f3n Ciudadana, y en representaci\u00f3n Susana Suazo Mora, directora de la Escuela de Bachilleres Artes y Oficios; la profesora Alma Elena Blanco Castellanos.<\/p>\n\n\n\n<figure class=\"wp-block-image aligncenter size-large is-resized\"><img loading=\"lazy\" decoding=\"async\" width=\"1024\" height=\"683\" src=\"https:\/\/cordoba.gob.mx\/blog\/wp-content\/uploads\/2026\/04\/FUNDACION-2-1024x683.jpg\" alt=\"\" class=\"wp-image-2013\" style=\"aspect-ratio:1.4993169597442233;width:676px;height:auto\" srcset=\"https:\/\/cordoba.gob.mx\/blog\/wp-content\/uploads\/2026\/04\/FUNDACION-2-1024x683.jpg 1024w, https:\/\/cordoba.gob.mx\/blog\/wp-content\/uploads\/2026\/04\/FUNDACION-2-300x200.jpg 300w, https:\/\/cordoba.gob.mx\/blog\/wp-content\/uploads\/2026\/04\/FUNDACION-2-768x512.jpg 768w, https:\/\/cordoba.gob.mx\/blog\/wp-content\/uploads\/2026\/04\/FUNDACION-2.jpg 1280w\" sizes=\"auto, (max-width: 1024px) 100vw, 1024px\" \/><\/figure>\n\n\n\n<p>Mar\u00eda Magdalena Jacome M\u00e9ndez fungi\u00f3 como maestra de ceremonias, mientras que el alumno \u00c1ngel de Jes\u00fas Molteo Gonz\u00e1lez, dirigi\u00f3 el Juramento a la bandera, y el tambi\u00e9n estudiante Donovan Adonai L\u00f3pez Rivera, brind\u00f3 una breve explicaci\u00f3n de la Fundaci\u00f3n de C\u00f3rdoba de 1608.<\/p>\n\n\n\n<p>As\u00ed, el Ayuntamiento de C\u00f3rdoba remarca la fecha que dio vida a nuestro municipio, recordando que la ciudad es considerada una de las m\u00e1s relevantes en la vida del estado de Veracruz y el pa\u00eds.<\/p>\n","protected":false},"excerpt":{"rendered":"<p>C\u00f3rdoba, Ver., a 27 de abril de 2026. \u2013 Con la participaci\u00f3n de la Escuela de Bachilleres Artes y Oficios, autoridades municipales y p\u00fablico en general, este lunes en acto c\u00edvico se conmemor\u00f3 el 408 Aniversario de la Fundaci\u00f3n de C\u00f3rdoba de 1618, evento celebrado en la Explanada del parque 21 de Mayo. El acto [&hellip;]<\/p>\n","protected":false},"author":1,"featured_media":2015,"comment_status":"closed","ping_status":"open","sticky":false,"template":"","format":"standard","meta":{"footnotes":""},"categories":[1],"tags":[],"class_list":["post-2011","post","type-post","status-publish","format-standard","has-post-thumbnail","hentry","category-general"],"_links":{"self":[{"href":"https:\/\/cordoba.gob.mx\/blog\/wp-json\/wp\/v2\/posts\/2011","targetHints":{"allow":["GET"]}}],"collection":[{"href":"https:\/\/cordoba.gob.mx\/blog\/wp-json\/wp\/v2\/posts"}],"about":[{"href":"https:\/\/cordoba.gob.mx\/blog\/wp-json\/wp\/v2\/types\/post"}],"author":[{"embeddable":true,"href":"https:\/\/cordoba.gob.mx\/blog\/wp-json\/wp\/v2\/users\/1"}],"replies":[{"embeddable":true,"href":"https:\/\/cordoba.gob.mx\/blog\/wp-json\/wp\/v2\/comments?post=2011"}],"version-history":[{"count":1,"href":"https:\/\/cordoba.gob.mx\/blog\/wp-json\/wp\/v2\/posts\/2011\/revisions"}],"predecessor-version":[{"id":2016,"href":"https:\/\/cordoba.gob.mx\/blog\/wp-json\/wp\/v2\/posts\/2011\/revisions\/2016"}],"wp:featuredmedia":[{"embeddable":true,"href":"https:\/\/cordoba.gob.mx\/blog\/wp-json\/wp\/v2\/media\/2015"}],"wp:attachment":[{"href":"https:\/\/cordoba.gob.mx\/blog\/wp-json\/wp\/v2\/media?parent=2011"}],"wp:term":[{"taxonomy":"category","embeddable":true,"href":"https:\/\/cordoba.gob.mx\/blog\/wp-json\/wp\/v2\/categories?post=2011"},{"taxonomy":"post_tag","embeddable":true,"href":"https:\/\/cordoba.gob.mx\/blog\/wp-json\/wp\/v2\/tags?post=2011"}],"curies":[{"name":"wp","href":"https:\/\/api.w.org\/{rel}","templated":true}]}}