{"id":2017,"date":"2026-04-27T16:17:20","date_gmt":"2026-04-27T22:17:20","guid":{"rendered":"https:\/\/cordoba.gob.mx\/blog\/?p=2017"},"modified":"2026-04-27T16:17:20","modified_gmt":"2026-04-27T22:17:20","slug":"cabildo-del-01-de-mayo-se-realizara-en-el-teatro-pedro-diaz-rendiran-protesta-nuevos-agentes-y-subagentes-municipales-2026-30","status":"publish","type":"post","link":"https:\/\/cordoba.gob.mx\/blog\/cabildo-del-01-de-mayo-se-realizara-en-el-teatro-pedro-diaz-rendiran-protesta-nuevos-agentes-y-subagentes-municipales-2026-30\/","title":{"rendered":"Cabildo del 01 de Mayo se realizar\u00e1 en el Teatro Pedro D\u00edaz; rendir\u00e1n protesta nuevos agentes y subagentes municipales 2026-30"},"content":{"rendered":"\n<p>C\u00f3rdoba, Ver., a 27 de abril de 2026.- Este lunes en sesi\u00f3n de Cabildo con car\u00e1cter extraordinario, los ediles y el presidente municipal aprobaron por unanimidad que la sesi\u00f3n del pr\u00f3ximo 01 de mayo, donde rendir\u00e1n protesta los nuevos agentes y subagentes municipales, se realice en el Teatro Pedro D\u00edaz de la ciudad.<\/p>\n\n\n\n<p>Con la participaci\u00f3n del presiente municipal, Manuel Alonso Cerezo, y todo el cuerpo edilicio, se celebr\u00f3 la sesi\u00f3n en la que se acord\u00f3 la nueva sede para la toma de protesta de los Agentes y Subagentes municipales para el periodo 2026-2030.<\/p>\n\n\n\n<figure class=\"wp-block-image aligncenter size-large is-resized\"><img loading=\"lazy\" decoding=\"async\" width=\"1024\" height=\"574\" src=\"https:\/\/cordoba.gob.mx\/blog\/wp-content\/uploads\/2026\/04\/161207-1024x574.png\" alt=\"\" class=\"wp-image-2020\" style=\"width:852px;height:auto\" srcset=\"https:\/\/cordoba.gob.mx\/blog\/wp-content\/uploads\/2026\/04\/161207-1024x574.png 1024w, https:\/\/cordoba.gob.mx\/blog\/wp-content\/uploads\/2026\/04\/161207-300x168.png 300w, https:\/\/cordoba.gob.mx\/blog\/wp-content\/uploads\/2026\/04\/161207-768x431.png 768w, https:\/\/cordoba.gob.mx\/blog\/wp-content\/uploads\/2026\/04\/161207.png 1259w\" sizes=\"auto, (max-width: 1024px) 100vw, 1024px\" \/><\/figure>\n\n\n\n<p>El pasado 12 de abril se desarrollaron las elecciones en 39 localidades del municipio, proceso que se realiz\u00f3 sin contratiempos y garantizando la paridad de g\u00e9nero, y transparencia del proceso.<\/p>\n\n\n\n<p>Luego del computo de la elecci\u00f3n, el jueves 23 de abril se realiz\u00f3 la entrega de constancias de mayor\u00eda a los candidatos y candidatas electas; la sesi\u00f3n donde se rendir\u00e1 protesta se realizar\u00e1 el 01 de mayo en horario por confirmar.<\/p>\n","protected":false},"excerpt":{"rendered":"<p>C\u00f3rdoba, Ver., a 27 de abril de 2026.- Este lunes en sesi\u00f3n de Cabildo con car\u00e1cter extraordinario, los ediles y el presidente municipal aprobaron por unanimidad que la sesi\u00f3n del pr\u00f3ximo 01 de mayo, donde rendir\u00e1n protesta los nuevos agentes y subagentes municipales, se realice en el Teatro Pedro D\u00edaz de la ciudad. Con la [&hellip;]<\/p>\n","protected":false},"author":1,"featured_media":2019,"comment_status":"closed","ping_status":"open","sticky":false,"template":"","format":"standard","meta":{"footnotes":""},"categories":[1],"tags":[],"class_list":["post-2017","post","type-post","status-publish","format-standard","has-post-thumbnail","hentry","category-general"],"_links":{"self":[{"href":"https:\/\/cordoba.gob.mx\/blog\/wp-json\/wp\/v2\/posts\/2017","targetHints":{"allow":["GET"]}}],"collection":[{"href":"https:\/\/cordoba.gob.mx\/blog\/wp-json\/wp\/v2\/posts"}],"about":[{"href":"https:\/\/cordoba.gob.mx\/blog\/wp-json\/wp\/v2\/types\/post"}],"author":[{"embeddable":true,"href":"https:\/\/cordoba.gob.mx\/blog\/wp-json\/wp\/v2\/users\/1"}],"replies":[{"embeddable":true,"href":"https:\/\/cordoba.gob.mx\/blog\/wp-json\/wp\/v2\/comments?post=2017"}],"version-history":[{"count":1,"href":"https:\/\/cordoba.gob.mx\/blog\/wp-json\/wp\/v2\/posts\/2017\/revisions"}],"predecessor-version":[{"id":2021,"href":"https:\/\/cordoba.gob.mx\/blog\/wp-json\/wp\/v2\/posts\/2017\/revisions\/2021"}],"wp:featuredmedia":[{"embeddable":true,"href":"https:\/\/cordoba.gob.mx\/blog\/wp-json\/wp\/v2\/media\/2019"}],"wp:attachment":[{"href":"https:\/\/cordoba.gob.mx\/blog\/wp-json\/wp\/v2\/media?parent=2017"}],"wp:term":[{"taxonomy":"category","embeddable":true,"href":"https:\/\/cordoba.gob.mx\/blog\/wp-json\/wp\/v2\/categories?post=2017"},{"taxonomy":"post_tag","embeddable":true,"href":"https:\/\/cordoba.gob.mx\/blog\/wp-json\/wp\/v2\/tags?post=2017"}],"curies":[{"name":"wp","href":"https:\/\/api.w.org\/{rel}","templated":true}]}}