{"id":2022,"date":"2026-04-27T16:21:39","date_gmt":"2026-04-27T22:21:39","guid":{"rendered":"https:\/\/cordoba.gob.mx\/blog\/?p=2022"},"modified":"2026-04-27T16:21:39","modified_gmt":"2026-04-27T22:21:39","slug":"ayuntamiento-realiza-cabildo-infantil-2026-participacion-que-construye-ciudadania-desde-la-ninez","status":"publish","type":"post","link":"https:\/\/cordoba.gob.mx\/blog\/ayuntamiento-realiza-cabildo-infantil-2026-participacion-que-construye-ciudadania-desde-la-ninez\/","title":{"rendered":"Ayuntamiento realiza Cabildo Infantil 2026: participaci\u00f3n que construye ciudadan\u00eda desde la ni\u00f1ez"},"content":{"rendered":"\n<p>C\u00f3rdoba, Ver., a 27 de abril de 2026.- Con el objetivo de fortalecer la participaci\u00f3n ciudadana desde temprana edad, el Ayuntamiento de C\u00f3rdoba este lunes realiz\u00f3 el Cabildo Infantil 2026, un ejercicio que promueve la inclusi\u00f3n de ni\u00f1as y ni\u00f1os en la vida p\u00fablica de su comunidad, brind\u00e1ndoles un espacio para expresar sus ideas, inquietudes y propuestas.<\/p>\n\n\n\n<p>En dicho evento estuvieron presentes el presidente municipal, Manuel Alonso Cerezo, la s\u00edndica \u00fanica Irene Sedas Gonz\u00e1lez; Mar\u00eda \u00c1ngela Ordinola Camarillo, regidora primera; Jorge Maximiliano Huerta V\u00e1zquez, regidor segundo; Glorisel Ixmatlahua Rodr\u00edguez, regidora tercera; Itzel L\u00f3pez Gonz\u00e1lez, regidora cuarta; Nayibe Sacre Gonz\u00e1lez, regidora quinta; Jaqueline Rodr\u00edguez Berista\u00edn, regidora sexta; Nhesma Faride Telis Arano, regidora s\u00e9ptima; Claudia Olga de la Huerta Manjarrez, regidora octava; Vania L\u00f3pez Gonz\u00e1lez, regidora novena; y Jos\u00e9 Javier Medina Rahme, regidor d\u00e9cimo, quienes escucharon las propuestas de los representantes infantiles, compartiendo posterior al acto cada una de sus funciones para el conocimiento de los integrantes del Cabildo Infantil.<\/p>\n\n\n\n<p>Durante esta actividad se cont\u00f3 con la presencia de Carolina Mend\u00edvil de Alonso, presidenta del Sistema DIF municipal; Elba Baeza Bonola; directora del DIF municipal, Jos\u00e9 Manuel Espinosa Garc\u00eda, jefe de Educaci\u00f3n; Dennis Araceli Lira Tosqui, coordinadora de Bienestar Social; y la cronista del Ayuntamiento, licenciada en antropolog\u00eda Mar\u00eda Luisa Martell Contreras.<\/p>\n\n\n\n<p>Cabe mencionar que el Cabildo Infantil representa una herramienta fundamental para fomentar valores como la democracia, la responsabilidad y el compromiso social. A trav\u00e9s de este tipo de iniciativas, las nuevas generaciones desarrollan habilidades c\u00edvicas que contribuyen a la formaci\u00f3n de ciudadanos conscientes, participativos y comprometidos con su entorno. Asimismo, permite a las autoridades escuchar y considerar la voz de la infancia en la toma de decisiones, avanzando hacia una sociedad m\u00e1s justa e incluyente.<\/p>\n\n\n\n<p>En el Cabildo Infantil 2026 participaron ni\u00f1as y ni\u00f1os que asumieron distintos cargos representativos, quedando conformado de la siguiente manera: Iker Vera Trejo como presidente municipal; Elliot Alberto Nieva Z\u00fa\u00f1iga como s\u00edndico; Ulises Maximiliano Rosales Lara como regidor primero; Renata L\u00f3pez Garc\u00eda como regidora segunda; Naomi Aguilar Colorado como regidora tercera; Alison Astrid de Le\u00f3n Eugenio como regidora cuarta; Gabriel Salcedo Carmona como regidor quinto; Gustavo El\u00edas Arellano Mart\u00ednez como regidor sexto; Kendra Sof\u00eda Quintana Acosta como regidora s\u00e9ptima; Javier Lezama Pantoja como regidor octavo; Esdras Aguilar Hern\u00e1ndez como regidor noveno y Alejandra Mirere Ortiz S\u00e1nchez como regidora d\u00e9cima.<\/p>\n\n\n\n<p>De esta manera, el Ayuntamiento de C\u00f3rdoba reafirma su compromiso con la formaci\u00f3n de una ciudadan\u00eda participativa, impulsando espacios donde la voz de la ni\u00f1ez sea escuchada y tomada en cuenta como parte esencial del presente y futuro del municipio.<\/p>\n","protected":false},"excerpt":{"rendered":"<p>C\u00f3rdoba, Ver., a 27 de abril de 2026.- Con el objetivo de fortalecer la participaci\u00f3n ciudadana desde temprana edad, el Ayuntamiento de C\u00f3rdoba este lunes realiz\u00f3 el Cabildo Infantil 2026, un ejercicio que promueve la inclusi\u00f3n de ni\u00f1as y ni\u00f1os en la vida p\u00fablica de su comunidad, brind\u00e1ndoles un espacio para expresar sus ideas, inquietudes [&hellip;]<\/p>\n","protected":false},"author":1,"featured_media":2023,"comment_status":"closed","ping_status":"open","sticky":false,"template":"","format":"standard","meta":{"footnotes":""},"categories":[1],"tags":[],"class_list":["post-2022","post","type-post","status-publish","format-standard","has-post-thumbnail","hentry","category-general"],"_links":{"self":[{"href":"https:\/\/cordoba.gob.mx\/blog\/wp-json\/wp\/v2\/posts\/2022","targetHints":{"allow":["GET"]}}],"collection":[{"href":"https:\/\/cordoba.gob.mx\/blog\/wp-json\/wp\/v2\/posts"}],"about":[{"href":"https:\/\/cordoba.gob.mx\/blog\/wp-json\/wp\/v2\/types\/post"}],"author":[{"embeddable":true,"href":"https:\/\/cordoba.gob.mx\/blog\/wp-json\/wp\/v2\/users\/1"}],"replies":[{"embeddable":true,"href":"https:\/\/cordoba.gob.mx\/blog\/wp-json\/wp\/v2\/comments?post=2022"}],"version-history":[{"count":1,"href":"https:\/\/cordoba.gob.mx\/blog\/wp-json\/wp\/v2\/posts\/2022\/revisions"}],"predecessor-version":[{"id":2024,"href":"https:\/\/cordoba.gob.mx\/blog\/wp-json\/wp\/v2\/posts\/2022\/revisions\/2024"}],"wp:featuredmedia":[{"embeddable":true,"href":"https:\/\/cordoba.gob.mx\/blog\/wp-json\/wp\/v2\/media\/2023"}],"wp:attachment":[{"href":"https:\/\/cordoba.gob.mx\/blog\/wp-json\/wp\/v2\/media?parent=2022"}],"wp:term":[{"taxonomy":"category","embeddable":true,"href":"https:\/\/cordoba.gob.mx\/blog\/wp-json\/wp\/v2\/categories?post=2022"},{"taxonomy":"post_tag","embeddable":true,"href":"https:\/\/cordoba.gob.mx\/blog\/wp-json\/wp\/v2\/tags?post=2022"}],"curies":[{"name":"wp","href":"https:\/\/api.w.org\/{rel}","templated":true}]}}