{"id":3681,"date":"2026-07-30T13:20:02","date_gmt":"2026-07-30T19:20:02","guid":{"rendered":"https:\/\/cordoba.gob.mx\/blog\/?p=3681"},"modified":"2026-07-31T13:24:50","modified_gmt":"2026-07-31T19:24:50","slug":"convocatoria1er-concurso-de-mural-amaneci-en-tus-brazos","status":"publish","type":"post","link":"https:\/\/cordoba.gob.mx\/blog\/convocatoria1er-concurso-de-mural-amaneci-en-tus-brazos\/","title":{"rendered":"CONVOCATORIA\n1er Concurso de Mural: &#8220;Amanec\u00ed en tus brazos&#8221;"},"content":{"rendered":"\n<p>El H. Ayuntamiento de C\u00f3rdoba, Veracruz y el Instituto Veracruzano del Bolero A.C. a trav\u00e9s de la Jefatura de Cultura, con el objetivo de difundir el bolero mexicano y sus int\u00e9rpretes a trav\u00e9s de las artes pl\u00e1sticas y visuales, convocan a pintores, artistas visuales y p\u00fablico en general a participar en el: Primer Concurso de Mural C\u00f3rdoba 2026 \u201cAmanec\u00ed en tus brazos\u201d.<\/p>\n\n\n\n<p><a href=\"https:\/\/mpocordoba-my.sharepoint.com\/:b:\/g\/personal\/aplicaciones_ti_cordoba_gob_mx\/IQCPNof8yBV9QoQC_RBoPtX6AQA8OGmkpeiz6NPaC2rv498?e=Yt1dLZ\">Consulta las bases aqu\u00ed<\/a><\/p>\n\n\n\n<figure class=\"wp-block-image aligncenter size-large\"><img loading=\"lazy\" decoding=\"async\" width=\"1024\" height=\"1024\" src=\"https:\/\/cordoba.gob.mx\/blog\/wp-content\/uploads\/2026\/07\/Amaceni-2-1024x1024.jpg\" alt=\"\" class=\"wp-image-3685\" srcset=\"https:\/\/cordoba.gob.mx\/blog\/wp-content\/uploads\/2026\/07\/Amaceni-2-1024x1024.jpg 1024w, https:\/\/cordoba.gob.mx\/blog\/wp-content\/uploads\/2026\/07\/Amaceni-2-300x300.jpg 300w, https:\/\/cordoba.gob.mx\/blog\/wp-content\/uploads\/2026\/07\/Amaceni-2-150x150.jpg 150w, https:\/\/cordoba.gob.mx\/blog\/wp-content\/uploads\/2026\/07\/Amaceni-2-768x768.jpg 768w, https:\/\/cordoba.gob.mx\/blog\/wp-content\/uploads\/2026\/07\/Amaceni-2.jpg 1200w\" sizes=\"auto, (max-width: 1024px) 100vw, 1024px\" \/><\/figure>\n","protected":false},"excerpt":{"rendered":"<p>El H. Ayuntamiento de C\u00f3rdoba, Veracruz y el Instituto Veracruzano del Bolero A.C. a trav\u00e9s de la Jefatura de Cultura, con el objetivo de difundir&#8230;<\/p>\n","protected":false},"author":1,"featured_media":3708,"comment_status":"closed","ping_status":"open","sticky":false,"template":"","format":"standard","meta":{"footnotes":""},"categories":[9],"tags":[],"class_list":["post-3681","post","type-post","status-publish","format-standard","has-post-thumbnail","hentry","category-convocatorias"],"_links":{"self":[{"href":"https:\/\/cordoba.gob.mx\/blog\/wp-json\/wp\/v2\/posts\/3681","targetHints":{"allow":["GET"]}}],"collection":[{"href":"https:\/\/cordoba.gob.mx\/blog\/wp-json\/wp\/v2\/posts"}],"about":[{"href":"https:\/\/cordoba.gob.mx\/blog\/wp-json\/wp\/v2\/types\/post"}],"author":[{"embeddable":true,"href":"https:\/\/cordoba.gob.mx\/blog\/wp-json\/wp\/v2\/users\/1"}],"replies":[{"embeddable":true,"href":"https:\/\/cordoba.gob.mx\/blog\/wp-json\/wp\/v2\/comments?post=3681"}],"version-history":[{"count":4,"href":"https:\/\/cordoba.gob.mx\/blog\/wp-json\/wp\/v2\/posts\/3681\/revisions"}],"predecessor-version":[{"id":3709,"href":"https:\/\/cordoba.gob.mx\/blog\/wp-json\/wp\/v2\/posts\/3681\/revisions\/3709"}],"wp:featuredmedia":[{"embeddable":true,"href":"https:\/\/cordoba.gob.mx\/blog\/wp-json\/wp\/v2\/media\/3708"}],"wp:attachment":[{"href":"https:\/\/cordoba.gob.mx\/blog\/wp-json\/wp\/v2\/media?parent=3681"}],"wp:term":[{"taxonomy":"category","embeddable":true,"href":"https:\/\/cordoba.gob.mx\/blog\/wp-json\/wp\/v2\/categories?post=3681"},{"taxonomy":"post_tag","embeddable":true,"href":"https:\/\/cordoba.gob.mx\/blog\/wp-json\/wp\/v2\/tags?post=3681"}],"curies":[{"name":"wp","href":"https:\/\/api.w.org\/{rel}","templated":true}]}}