{"id":3690,"date":"2026-07-30T13:20:42","date_gmt":"2026-07-30T19:20:42","guid":{"rendered":"https:\/\/cordoba.gob.mx\/blog\/?p=3690"},"modified":"2026-07-31T13:21:39","modified_gmt":"2026-07-31T19:21:39","slug":"convocatoria1er-concurso-de-bolero-cordoba-2026-que-bonito-amor","status":"publish","type":"post","link":"https:\/\/cordoba.gob.mx\/blog\/convocatoria1er-concurso-de-bolero-cordoba-2026-que-bonito-amor\/","title":{"rendered":"CONVOCATORIA\n1er. Concurso de Bolero C\u00f3rdoba 2026: &#8220;Qu\u00e9 bonito amor&#8221;"},"content":{"rendered":"\n<p>El H. Ayuntamiento de C\u00f3rdoba, Veracruz y el Instituto Veracruzano del Bolero A.C. a trav\u00e9s de la Jefatura de Cultura, con el objetivo de promover la creaci\u00f3n de nuevos boleros en M\u00e9xico, convocan a m\u00fasicos, compositores y p\u00fablico en general a participar en el:<br>Primer Concurso de Bolero C\u00f3rdoba 2026 \u201cQu\u00e9 bonito amor\u201d.<\/p>\n\n\n\n<p><a href=\"https:\/\/mpocordoba-my.sharepoint.com\/:b:\/g\/personal\/aplicaciones_ti_cordoba_gob_mx\/IQA3not8YOh9Sr_Y6fGajGt8AceeqlI16N8nhakkusFKaZo?e=8sgUy1\">Consulta las bases aqu\u00ed<\/a><\/p>\n\n\n\n<figure class=\"wp-block-image aligncenter size-large\"><img loading=\"lazy\" decoding=\"async\" width=\"1024\" height=\"1024\" src=\"https:\/\/cordoba.gob.mx\/blog\/wp-content\/uploads\/2026\/07\/Bolero-1024x1024.jpg\" alt=\"\" class=\"wp-image-3692\" srcset=\"https:\/\/cordoba.gob.mx\/blog\/wp-content\/uploads\/2026\/07\/Bolero-1024x1024.jpg 1024w, https:\/\/cordoba.gob.mx\/blog\/wp-content\/uploads\/2026\/07\/Bolero-300x300.jpg 300w, https:\/\/cordoba.gob.mx\/blog\/wp-content\/uploads\/2026\/07\/Bolero-150x150.jpg 150w, https:\/\/cordoba.gob.mx\/blog\/wp-content\/uploads\/2026\/07\/Bolero-768x768.jpg 768w, https:\/\/cordoba.gob.mx\/blog\/wp-content\/uploads\/2026\/07\/Bolero.jpg 1200w\" sizes=\"auto, (max-width: 1024px) 100vw, 1024px\" \/><\/figure>\n","protected":false},"excerpt":{"rendered":"<p>El H. Ayuntamiento de C\u00f3rdoba, Veracruz y el Instituto Veracruzano del Bolero A.C. a trav\u00e9s de la Jefatura de Cultura, con el objetivo de promover&#8230;<\/p>\n","protected":false},"author":1,"featured_media":3691,"comment_status":"closed","ping_status":"open","sticky":false,"template":"","format":"standard","meta":{"footnotes":""},"categories":[9],"tags":[],"class_list":["post-3690","post","type-post","status-publish","format-standard","has-post-thumbnail","hentry","category-convocatorias"],"_links":{"self":[{"href":"https:\/\/cordoba.gob.mx\/blog\/wp-json\/wp\/v2\/posts\/3690","targetHints":{"allow":["GET"]}}],"collection":[{"href":"https:\/\/cordoba.gob.mx\/blog\/wp-json\/wp\/v2\/posts"}],"about":[{"href":"https:\/\/cordoba.gob.mx\/blog\/wp-json\/wp\/v2\/types\/post"}],"author":[{"embeddable":true,"href":"https:\/\/cordoba.gob.mx\/blog\/wp-json\/wp\/v2\/users\/1"}],"replies":[{"embeddable":true,"href":"https:\/\/cordoba.gob.mx\/blog\/wp-json\/wp\/v2\/comments?post=3690"}],"version-history":[{"count":2,"href":"https:\/\/cordoba.gob.mx\/blog\/wp-json\/wp\/v2\/posts\/3690\/revisions"}],"predecessor-version":[{"id":3707,"href":"https:\/\/cordoba.gob.mx\/blog\/wp-json\/wp\/v2\/posts\/3690\/revisions\/3707"}],"wp:featuredmedia":[{"embeddable":true,"href":"https:\/\/cordoba.gob.mx\/blog\/wp-json\/wp\/v2\/media\/3691"}],"wp:attachment":[{"href":"https:\/\/cordoba.gob.mx\/blog\/wp-json\/wp\/v2\/media?parent=3690"}],"wp:term":[{"taxonomy":"category","embeddable":true,"href":"https:\/\/cordoba.gob.mx\/blog\/wp-json\/wp\/v2\/categories?post=3690"},{"taxonomy":"post_tag","embeddable":true,"href":"https:\/\/cordoba.gob.mx\/blog\/wp-json\/wp\/v2\/tags?post=3690"}],"curies":[{"name":"wp","href":"https:\/\/api.w.org\/{rel}","templated":true}]}}