{"id":3794,"date":"2026-08-13T12:07:43","date_gmt":"2026-08-13T18:07:43","guid":{"rendered":"https:\/\/cordoba.gob.mx\/blog\/?p=3794"},"modified":"2026-08-13T12:41:08","modified_gmt":"2026-08-13T18:41:08","slug":"convocatoria-desfile-bohemio-2026","status":"publish","type":"post","link":"https:\/\/cordoba.gob.mx\/blog\/convocatoria-desfile-bohemio-2026\/","title":{"rendered":"CONVOCATORIA Desfile Bohemio 2026"},"content":{"rendered":"\n<p>El H. Ayuntamiento de C\u00f3rdoba, Veracruz y el Instituto Veracruzano del Bolero A.C. a trav\u00e9s de la Jefatura de Cultura, con el objetivo de promover la creaci\u00f3n de nuevos boleros en M\u00e9xico, convocan a m\u00fasicos, compositores y p\u00fablico en general a participar en el:<br>Desfile Bohemio de C\u00f3rdoba 2026.<\/p>\n\n\n\n<p><a href=\"https:\/\/mpocordoba-my.sharepoint.com\/:b:\/g\/personal\/desarrollo_ti_cordoba_gob_mx\/IQCM1RzwUQzaQ4VRHDHjvmVUASlhmqVv8Yqgec2X6w2uPDg?e=CWuVPY\">Consulta las bases aqu\u00ed<\/a><\/p>\n\n\n\n<figure class=\"wp-block-image size-large is-resized\"><img loading=\"lazy\" decoding=\"async\" width=\"674\" height=\"1024\" src=\"https:\/\/cordoba.gob.mx\/blog\/wp-content\/uploads\/2026\/08\/WhatsApp-Image-2026-08-13-at-11.55.51-e1786646107371-674x1024.jpeg\" alt=\"\" class=\"wp-image-3796\" style=\"aspect-ratio:0.6503949587290316;width:1098px;height:auto\" srcset=\"https:\/\/cordoba.gob.mx\/blog\/wp-content\/uploads\/2026\/08\/WhatsApp-Image-2026-08-13-at-11.55.51-e1786646107371-674x1024.jpeg 674w, https:\/\/cordoba.gob.mx\/blog\/wp-content\/uploads\/2026\/08\/WhatsApp-Image-2026-08-13-at-11.55.51-e1786646107371-197x300.jpeg 197w, https:\/\/cordoba.gob.mx\/blog\/wp-content\/uploads\/2026\/08\/WhatsApp-Image-2026-08-13-at-11.55.51-e1786646107371-768x1167.jpeg 768w, https:\/\/cordoba.gob.mx\/blog\/wp-content\/uploads\/2026\/08\/WhatsApp-Image-2026-08-13-at-11.55.51-e1786646107371-1011x1536.jpeg 1011w, https:\/\/cordoba.gob.mx\/blog\/wp-content\/uploads\/2026\/08\/WhatsApp-Image-2026-08-13-at-11.55.51-e1786646107371.jpeg 1040w\" sizes=\"auto, (max-width: 674px) 100vw, 674px\" \/><\/figure>\n","protected":false},"excerpt":{"rendered":"<p>El H. Ayuntamiento de C\u00f3rdoba, Veracruz y el Instituto Veracruzano del Bolero A.C. a trav\u00e9s de la Jefatura de Cultura, con el objetivo de promover&#8230;<\/p>\n","protected":false},"author":1,"featured_media":3764,"comment_status":"closed","ping_status":"open","sticky":false,"template":"","format":"standard","meta":{"footnotes":""},"categories":[9],"tags":[],"class_list":["post-3794","post","type-post","status-publish","format-standard","has-post-thumbnail","hentry","category-convocatorias"],"_links":{"self":[{"href":"https:\/\/cordoba.gob.mx\/blog\/wp-json\/wp\/v2\/posts\/3794","targetHints":{"allow":["GET"]}}],"collection":[{"href":"https:\/\/cordoba.gob.mx\/blog\/wp-json\/wp\/v2\/posts"}],"about":[{"href":"https:\/\/cordoba.gob.mx\/blog\/wp-json\/wp\/v2\/types\/post"}],"author":[{"embeddable":true,"href":"https:\/\/cordoba.gob.mx\/blog\/wp-json\/wp\/v2\/users\/1"}],"replies":[{"embeddable":true,"href":"https:\/\/cordoba.gob.mx\/blog\/wp-json\/wp\/v2\/comments?post=3794"}],"version-history":[{"count":4,"href":"https:\/\/cordoba.gob.mx\/blog\/wp-json\/wp\/v2\/posts\/3794\/revisions"}],"predecessor-version":[{"id":3801,"href":"https:\/\/cordoba.gob.mx\/blog\/wp-json\/wp\/v2\/posts\/3794\/revisions\/3801"}],"wp:featuredmedia":[{"embeddable":true,"href":"https:\/\/cordoba.gob.mx\/blog\/wp-json\/wp\/v2\/media\/3764"}],"wp:attachment":[{"href":"https:\/\/cordoba.gob.mx\/blog\/wp-json\/wp\/v2\/media?parent=3794"}],"wp:term":[{"taxonomy":"category","embeddable":true,"href":"https:\/\/cordoba.gob.mx\/blog\/wp-json\/wp\/v2\/categories?post=3794"},{"taxonomy":"post_tag","embeddable":true,"href":"https:\/\/cordoba.gob.mx\/blog\/wp-json\/wp\/v2\/tags?post=3794"}],"curies":[{"name":"wp","href":"https:\/\/api.w.org\/{rel}","templated":true}]}}