{"id":3835,"date":"2026-08-31T09:24:29","date_gmt":"2026-08-31T15:24:29","guid":{"rendered":"https:\/\/cordoba.gob.mx\/blog\/?p=3835"},"modified":"2026-08-31T09:24:29","modified_gmt":"2026-08-31T15:24:29","slug":"convocatoria-participa-en-el-desfile-civico-del-16-de-septiembre-en-cordoba","status":"publish","type":"post","link":"https:\/\/cordoba.gob.mx\/blog\/convocatoria-participa-en-el-desfile-civico-del-16-de-septiembre-en-cordoba\/","title":{"rendered":"Convocatoria: Participa en el Desfile C\u00edvico del 16 de Septiembre en C\u00f3rdoba"},"content":{"rendered":"\n<p>El H. Ayuntamiento de C\u00f3rdoba, a trav\u00e9s de la Direcci\u00f3n de Bienestar Social y la Coordinaci\u00f3n de Educaci\u00f3n, invita a las instituciones y a la ciudadan\u00eda a formar parte del <strong>Desfile C\u00edvico Conmemorativo del 16 de Septiembre<\/strong>.<\/p>\n\n\n\n<p>Si deseas inscribirte o solicitar m\u00e1s informaci\u00f3n sobre las bases de participaci\u00f3n, ponte en contacto con el \u00e1rea de Educaci\u00f3n a trav\u00e9s de los siguientes medios:<\/p>\n\n\n\n<ul class=\"wp-block-list\">\n<li><strong>Tel\u00e9fono de oficina:<\/strong> 271 714 9818<\/li>\n\n\n\n<li><strong>Tel\u00e9fono celular \/ WhatsApp:<\/strong> 271 113 9697<\/li>\n<\/ul>\n\n\n\n<p>\u00a1Se parte de nuestras celebraciones patrias!<br><br><a href=\"https:\/\/mpocordoba-my.sharepoint.com\/:b:\/g\/personal\/programador_ti_cordoba_gob_mx\/IQAAdkF_YUSWR4DHCc-53qeoAcev97xwSRdgwHw8mmFTVPg?e=uqQ6fQ\" data-type=\"link\" data-id=\"https:\/\/mpocordoba-my.sharepoint.com\/:b:\/g\/personal\/programador_ti_cordoba_gob_mx\/IQAAdkF_YUSWR4DHCc-53qeoAcev97xwSRdgwHw8mmFTVPg?e=uqQ6fQ\">Bases de la Convocatoria<\/a>.<\/p>\n","protected":false},"excerpt":{"rendered":"<p>El H. Ayuntamiento de C\u00f3rdoba, a trav\u00e9s de la Direcci\u00f3n de Bienestar Social y la Coordinaci\u00f3n de Educaci\u00f3n, invita a las instituciones y a la&#8230;<\/p>\n","protected":false},"author":1,"featured_media":3836,"comment_status":"closed","ping_status":"open","sticky":false,"template":"","format":"standard","meta":{"footnotes":""},"categories":[9],"tags":[],"class_list":["post-3835","post","type-post","status-publish","format-standard","has-post-thumbnail","hentry","category-convocatorias"],"_links":{"self":[{"href":"https:\/\/cordoba.gob.mx\/blog\/wp-json\/wp\/v2\/posts\/3835","targetHints":{"allow":["GET"]}}],"collection":[{"href":"https:\/\/cordoba.gob.mx\/blog\/wp-json\/wp\/v2\/posts"}],"about":[{"href":"https:\/\/cordoba.gob.mx\/blog\/wp-json\/wp\/v2\/types\/post"}],"author":[{"embeddable":true,"href":"https:\/\/cordoba.gob.mx\/blog\/wp-json\/wp\/v2\/users\/1"}],"replies":[{"embeddable":true,"href":"https:\/\/cordoba.gob.mx\/blog\/wp-json\/wp\/v2\/comments?post=3835"}],"version-history":[{"count":1,"href":"https:\/\/cordoba.gob.mx\/blog\/wp-json\/wp\/v2\/posts\/3835\/revisions"}],"predecessor-version":[{"id":3837,"href":"https:\/\/cordoba.gob.mx\/blog\/wp-json\/wp\/v2\/posts\/3835\/revisions\/3837"}],"wp:featuredmedia":[{"embeddable":true,"href":"https:\/\/cordoba.gob.mx\/blog\/wp-json\/wp\/v2\/media\/3836"}],"wp:attachment":[{"href":"https:\/\/cordoba.gob.mx\/blog\/wp-json\/wp\/v2\/media?parent=3835"}],"wp:term":[{"taxonomy":"category","embeddable":true,"href":"https:\/\/cordoba.gob.mx\/blog\/wp-json\/wp\/v2\/categories?post=3835"},{"taxonomy":"post_tag","embeddable":true,"href":"https:\/\/cordoba.gob.mx\/blog\/wp-json\/wp\/v2\/tags?post=3835"}],"curies":[{"name":"wp","href":"https:\/\/api.w.org\/{rel}","templated":true}]}}