{"id":622,"date":"2026-02-06T19:59:26","date_gmt":"2026-02-06T19:59:26","guid":{"rendered":"https:\/\/cordoba.gob.mx\/blog\/?p=622"},"modified":"2026-02-06T19:59:26","modified_gmt":"2026-02-06T19:59:26","slug":"angel-coca-gonzalez-buscara-talento-en-cordoba-comude-invita-a-visorias-gratuitas-en-el-murillo-vidal","status":"publish","type":"post","link":"https:\/\/cordoba.gob.mx\/blog\/angel-coca-gonzalez-buscara-talento-en-cordoba-comude-invita-a-visorias-gratuitas-en-el-murillo-vidal\/","title":{"rendered":"\u00c1ngel \u2018Coca\u2019 Gonz\u00e1lez buscar\u00e1 talento en C\u00f3rdoba; Comude invita a visor\u00edas gratuitas en el Murillo Vidal"},"content":{"rendered":"\n<p>C\u00f3rdoba, Ver.,03 de febrero. \u2013 El descubridor de Cuauht\u00e9moc Blanco estar\u00e1 en C\u00f3rdoba buscando talento para impulsarlos dentro del mundo del futbol. \u00c1ngel \u2018Coca\u2019 Gonz\u00e1lez, por invitaci\u00f3n del Ayuntamiento de C\u00f3rdoba, estar\u00e1 presente los d\u00edas 17, 18 y 19 de febrero a partir de las 10:00 horas en el estadio Murillo Vidal para observar jugadores nacidos entre 2008 y 2016, todo con la finalidad de encontrar prospectos de Primera Divisi\u00f3n.<\/p>\n\n\n\n<p>El Ayuntamiento de C\u00f3rdoba, por invitaci\u00f3n del entrenador Javier M\u00e1rquez, logr\u00f3 el acercamiento con el hist\u00f3rico visor del futbol mexicano y finalmente se lleg\u00f3 a un acuerdo para que \u2018Coca\u2019 Gonz\u00e1les observe al talento cordob\u00e9s.<\/p>\n\n\n\n<p>Es importante mencionar que las categor\u00edas invitadas a la visor\u00eda ser\u00e1n en ambas ramas, ya que el visor busca talentos tanto para b\u00e1sicas de Liga MX varonil como femenil; los interesados pueden solicitar mayores informes con el profesor Javier M\u00e1rquez al 2712053157, y en las oficinas de Comude C\u00f3rdoba.<\/p>\n\n\n\n<p>\u2018Coca\u2019 Gonz\u00e1lez es un hist\u00f3rico visor descubridor de talentos como Cuauht\u00e9moc Blanco, Ricardo Pel\u00e1ez, Hirving Lozano, Rodolfo Cota, Pa\u00fal Aguilar, Luis Montes, y hasta Carlos Vela, entre muchos otros; y ahora buscar\u00e1 prospectos de C\u00f3rdoba y la regi\u00f3n para impulsarlos al m\u00e1s alto nivel.<\/p>\n\n\n\n<p>De esta manera el Ayuntamiento de C\u00f3rdoba, a trav\u00e9s de la Jefatura de Deporte, contin\u00faa promocionando e impulsando a las y los deportistas de nuestra hist\u00f3rica ciudad.<\/p>\n","protected":false},"excerpt":{"rendered":"<p>C\u00f3rdoba, Ver.,03 de febrero. \u2013 El descubridor de Cuauht\u00e9moc Blanco estar\u00e1 en C\u00f3rdoba buscando talento para impulsarlos dentro del mundo del futbol. \u00c1ngel \u2018Coca\u2019 Gonz\u00e1lez, por invitaci\u00f3n del Ayuntamiento de C\u00f3rdoba, estar\u00e1 presente los d\u00edas 17, 18 y 19 de febrero a partir de las 10:00 horas en el estadio Murillo Vidal para observar jugadores [&hellip;]<\/p>\n","protected":false},"author":1,"featured_media":623,"comment_status":"closed","ping_status":"open","sticky":false,"template":"","format":"standard","meta":{"footnotes":""},"categories":[1],"tags":[],"class_list":["post-622","post","type-post","status-publish","format-standard","has-post-thumbnail","hentry","category-general"],"_links":{"self":[{"href":"https:\/\/cordoba.gob.mx\/blog\/wp-json\/wp\/v2\/posts\/622","targetHints":{"allow":["GET"]}}],"collection":[{"href":"https:\/\/cordoba.gob.mx\/blog\/wp-json\/wp\/v2\/posts"}],"about":[{"href":"https:\/\/cordoba.gob.mx\/blog\/wp-json\/wp\/v2\/types\/post"}],"author":[{"embeddable":true,"href":"https:\/\/cordoba.gob.mx\/blog\/wp-json\/wp\/v2\/users\/1"}],"replies":[{"embeddable":true,"href":"https:\/\/cordoba.gob.mx\/blog\/wp-json\/wp\/v2\/comments?post=622"}],"version-history":[{"count":1,"href":"https:\/\/cordoba.gob.mx\/blog\/wp-json\/wp\/v2\/posts\/622\/revisions"}],"predecessor-version":[{"id":624,"href":"https:\/\/cordoba.gob.mx\/blog\/wp-json\/wp\/v2\/posts\/622\/revisions\/624"}],"wp:featuredmedia":[{"embeddable":true,"href":"https:\/\/cordoba.gob.mx\/blog\/wp-json\/wp\/v2\/media\/623"}],"wp:attachment":[{"href":"https:\/\/cordoba.gob.mx\/blog\/wp-json\/wp\/v2\/media?parent=622"}],"wp:term":[{"taxonomy":"category","embeddable":true,"href":"https:\/\/cordoba.gob.mx\/blog\/wp-json\/wp\/v2\/categories?post=622"},{"taxonomy":"post_tag","embeddable":true,"href":"https:\/\/cordoba.gob.mx\/blog\/wp-json\/wp\/v2\/tags?post=622"}],"curies":[{"name":"wp","href":"https:\/\/api.w.org\/{rel}","templated":true}]}}