{"id":625,"date":"2026-02-06T19:59:25","date_gmt":"2026-02-06T19:59:25","guid":{"rendered":"https:\/\/cordoba.gob.mx\/blog\/?p=625"},"modified":"2026-02-06T19:59:25","modified_gmt":"2026-02-06T19:59:25","slug":"avanza-programa-de-bacheo-en-cordoba-reparan-calle-2-entre-avenidas-9-y-11","status":"publish","type":"post","link":"https:\/\/cordoba.gob.mx\/blog\/avanza-programa-de-bacheo-en-cordoba-reparan-calle-2-entre-avenidas-9-y-11\/","title":{"rendered":"Avanza programa de bacheo en C\u00f3rdoba;  reparan calle 2 entre avenidas 9 y 11"},"content":{"rendered":"\n<p>C\u00f3rdoba, Ver.,03 de febrero. \u2013 El Ayuntamiento de C\u00f3rdoba, a trav\u00e9s de la Direcci\u00f3n de Obras P\u00fablicas, contin\u00faa con el programa de bacheo y esta semana laboran sobre la calle 2 entre avenidas 9 y 11, por lo que se espera que el fin de semana dicha vialidad sea reabierta a los ciudadanos.<\/p>\n\n\n\n<div class=\"wp-block-group is-content-justification-center is-nowrap is-layout-flex wp-container-core-group-is-layout-d6765923 wp-block-group-is-layout-flex\" style=\"margin-top:var(--wp--preset--spacing--30);margin-bottom:var(--wp--preset--spacing--30)\">\n<figure class=\"wp-block-image size-large has-custom-border\" style=\"margin-right:0;margin-left:0\"><img loading=\"lazy\" decoding=\"async\" width=\"1024\" height=\"682\" src=\"https:\/\/cordoba.gob.mx\/blog\/wp-content\/uploads\/2026\/02\/CALLE-2.3-1024x682.jpeg\" alt=\"\" class=\"wp-image-628\" style=\"border-top-left-radius:10px;border-top-right-radius:10px;border-bottom-left-radius:10px;border-bottom-right-radius:10px\" srcset=\"https:\/\/cordoba.gob.mx\/blog\/wp-content\/uploads\/2026\/02\/CALLE-2.3-1024x682.jpeg 1024w, https:\/\/cordoba.gob.mx\/blog\/wp-content\/uploads\/2026\/02\/CALLE-2.3-300x200.jpeg 300w, https:\/\/cordoba.gob.mx\/blog\/wp-content\/uploads\/2026\/02\/CALLE-2.3-768x512.jpeg 768w, https:\/\/cordoba.gob.mx\/blog\/wp-content\/uploads\/2026\/02\/CALLE-2.3.jpeg 1280w\" sizes=\"auto, (max-width: 1024px) 100vw, 1024px\" \/><\/figure>\n\n\n\n<figure class=\"wp-block-image size-large has-custom-border\" style=\"margin-right:0;margin-left:0\"><img loading=\"lazy\" decoding=\"async\" width=\"1024\" height=\"682\" src=\"https:\/\/cordoba.gob.mx\/blog\/wp-content\/uploads\/2026\/02\/CALLE-2.6-1024x682.jpeg\" alt=\"\" class=\"wp-image-631\" style=\"border-top-left-radius:10px;border-top-right-radius:10px;border-bottom-left-radius:10px;border-bottom-right-radius:10px\" srcset=\"https:\/\/cordoba.gob.mx\/blog\/wp-content\/uploads\/2026\/02\/CALLE-2.6-1024x682.jpeg 1024w, https:\/\/cordoba.gob.mx\/blog\/wp-content\/uploads\/2026\/02\/CALLE-2.6-300x200.jpeg 300w, https:\/\/cordoba.gob.mx\/blog\/wp-content\/uploads\/2026\/02\/CALLE-2.6-768x512.jpeg 768w, https:\/\/cordoba.gob.mx\/blog\/wp-content\/uploads\/2026\/02\/CALLE-2.6.jpeg 1280w\" sizes=\"auto, (max-width: 1024px) 100vw, 1024px\" \/><\/figure>\n<\/div>\n\n\n\n<p>Las labores comenzaron a temprana hora de este martes y por la noche se proceder\u00e1 con la colocaci\u00f3n de concreto hidr\u00e1ulico, lo que garantiza mayor resistencia y durabilidad en las zonas previamente intervenidas.<\/p>\n\n\n\n<div class=\"wp-block-group is-content-justification-center is-nowrap is-layout-flex wp-container-core-group-is-layout-d6765923 wp-block-group-is-layout-flex\" style=\"margin-top:var(--wp--preset--spacing--30);margin-bottom:var(--wp--preset--spacing--30)\">\n<figure class=\"wp-block-image size-large has-custom-border\" style=\"margin-right:0;margin-left:0\"><img loading=\"lazy\" decoding=\"async\" width=\"1024\" height=\"682\" src=\"https:\/\/cordoba.gob.mx\/blog\/wp-content\/uploads\/2026\/02\/CALLE-2.2-1024x682.jpeg\" alt=\"\" class=\"wp-image-627\" style=\"border-top-left-radius:10px;border-top-right-radius:10px;border-bottom-left-radius:10px;border-bottom-right-radius:10px\" srcset=\"https:\/\/cordoba.gob.mx\/blog\/wp-content\/uploads\/2026\/02\/CALLE-2.2-1024x682.jpeg 1024w, https:\/\/cordoba.gob.mx\/blog\/wp-content\/uploads\/2026\/02\/CALLE-2.2-300x200.jpeg 300w, https:\/\/cordoba.gob.mx\/blog\/wp-content\/uploads\/2026\/02\/CALLE-2.2-768x512.jpeg 768w, https:\/\/cordoba.gob.mx\/blog\/wp-content\/uploads\/2026\/02\/CALLE-2.2.jpeg 1280w\" sizes=\"auto, (max-width: 1024px) 100vw, 1024px\" \/><\/figure>\n\n\n\n<figure class=\"wp-block-image size-large has-custom-border\" style=\"margin-right:0;margin-left:0\"><img loading=\"lazy\" decoding=\"async\" width=\"1024\" height=\"682\" src=\"https:\/\/cordoba.gob.mx\/blog\/wp-content\/uploads\/2026\/02\/CALLE-2.4-1024x682.jpeg\" alt=\"\" class=\"wp-image-629\" style=\"border-top-left-radius:10px;border-top-right-radius:10px;border-bottom-left-radius:10px;border-bottom-right-radius:10px\" srcset=\"https:\/\/cordoba.gob.mx\/blog\/wp-content\/uploads\/2026\/02\/CALLE-2.4-1024x682.jpeg 1024w, https:\/\/cordoba.gob.mx\/blog\/wp-content\/uploads\/2026\/02\/CALLE-2.4-300x200.jpeg 300w, https:\/\/cordoba.gob.mx\/blog\/wp-content\/uploads\/2026\/02\/CALLE-2.4-768x512.jpeg 768w, https:\/\/cordoba.gob.mx\/blog\/wp-content\/uploads\/2026\/02\/CALLE-2.4.jpeg 1280w\" sizes=\"auto, (max-width: 1024px) 100vw, 1024px\" \/><\/figure>\n<\/div>\n\n\n\n<div class=\"wp-block-group is-content-justification-center is-nowrap is-layout-flex wp-container-core-group-is-layout-d6765923 wp-block-group-is-layout-flex\" style=\"margin-top:var(--wp--preset--spacing--30);margin-bottom:var(--wp--preset--spacing--30)\">\n<figure class=\"wp-block-image size-large has-custom-border\" style=\"margin-right:0;margin-left:0\"><img loading=\"lazy\" decoding=\"async\" width=\"1024\" height=\"682\" src=\"https:\/\/cordoba.gob.mx\/blog\/wp-content\/uploads\/2026\/02\/CALLE-2.5-1024x682.jpeg\" alt=\"\" class=\"wp-image-630\" style=\"border-top-left-radius:10px;border-top-right-radius:10px;border-bottom-left-radius:10px;border-bottom-right-radius:10px\" srcset=\"https:\/\/cordoba.gob.mx\/blog\/wp-content\/uploads\/2026\/02\/CALLE-2.5-1024x682.jpeg 1024w, https:\/\/cordoba.gob.mx\/blog\/wp-content\/uploads\/2026\/02\/CALLE-2.5-300x200.jpeg 300w, https:\/\/cordoba.gob.mx\/blog\/wp-content\/uploads\/2026\/02\/CALLE-2.5-768x512.jpeg 768w, https:\/\/cordoba.gob.mx\/blog\/wp-content\/uploads\/2026\/02\/CALLE-2.5.jpeg 1280w\" sizes=\"auto, (max-width: 1024px) 100vw, 1024px\" \/><\/figure>\n<\/div>\n\n\n\n<p>Durante los \u00faltimos d\u00edas, Obras P\u00fablicas ha venido reparando diversos puntos de la ciudad sobre la avenida 11 de las calles 11 a la 17, calles 3 a la 7, y en el puente Tratados de C\u00f3rdoba; los trabajos continuar\u00e1n en los pr\u00f3ximos d\u00edas, solicitando a la ciudadan\u00eda que tome sus respectivas precauciones.<\/p>\n\n\n\n<p>Jorge Guzm\u00e1n de la Llave, director de Obras P\u00fablicas, asegur\u00f3 que la estrategia es atacar los baches sobre las principales avenidas (11, 1 y 3), adem\u00e1s de calles con da\u00f1o severo como es el caso de la 2 entre avenidas 9 y 11; posteriormente se centrar\u00e1n en las llamadas calles colectoras, y colonias alrededor de la ciudad.<\/p>\n\n\n\n<p>El tema del bacheo fue una amplia solicitud de la ciudadan\u00eda al alcalde Manuel Alonso Cerezo, quien desde el inicio de la administraci\u00f3n se comprometi\u00f3 para irle dando soluci\u00f3n paulatinamente; con dichas acciones, el gobierno municipal, avanza en temas de servicios, y seguridad vial, con calles y avenidas diga para todas y todos.<\/p>\n","protected":false},"excerpt":{"rendered":"<p>C\u00f3rdoba, Ver.,03 de febrero. \u2013 El Ayuntamiento de C\u00f3rdoba, a trav\u00e9s de la Direcci\u00f3n de Obras P\u00fablicas, contin\u00faa con el programa de bacheo y esta semana laboran sobre la calle 2 entre avenidas 9 y 11, por lo que se espera que el fin de semana dicha vialidad sea reabierta a los ciudadanos. Las labores [&hellip;]<\/p>\n","protected":false},"author":1,"featured_media":626,"comment_status":"closed","ping_status":"open","sticky":false,"template":"","format":"standard","meta":{"footnotes":""},"categories":[1],"tags":[],"class_list":["post-625","post","type-post","status-publish","format-standard","has-post-thumbnail","hentry","category-general"],"_links":{"self":[{"href":"https:\/\/cordoba.gob.mx\/blog\/wp-json\/wp\/v2\/posts\/625","targetHints":{"allow":["GET"]}}],"collection":[{"href":"https:\/\/cordoba.gob.mx\/blog\/wp-json\/wp\/v2\/posts"}],"about":[{"href":"https:\/\/cordoba.gob.mx\/blog\/wp-json\/wp\/v2\/types\/post"}],"author":[{"embeddable":true,"href":"https:\/\/cordoba.gob.mx\/blog\/wp-json\/wp\/v2\/users\/1"}],"replies":[{"embeddable":true,"href":"https:\/\/cordoba.gob.mx\/blog\/wp-json\/wp\/v2\/comments?post=625"}],"version-history":[{"count":1,"href":"https:\/\/cordoba.gob.mx\/blog\/wp-json\/wp\/v2\/posts\/625\/revisions"}],"predecessor-version":[{"id":632,"href":"https:\/\/cordoba.gob.mx\/blog\/wp-json\/wp\/v2\/posts\/625\/revisions\/632"}],"wp:featuredmedia":[{"embeddable":true,"href":"https:\/\/cordoba.gob.mx\/blog\/wp-json\/wp\/v2\/media\/626"}],"wp:attachment":[{"href":"https:\/\/cordoba.gob.mx\/blog\/wp-json\/wp\/v2\/media?parent=625"}],"wp:term":[{"taxonomy":"category","embeddable":true,"href":"https:\/\/cordoba.gob.mx\/blog\/wp-json\/wp\/v2\/categories?post=625"},{"taxonomy":"post_tag","embeddable":true,"href":"https:\/\/cordoba.gob.mx\/blog\/wp-json\/wp\/v2\/tags?post=625"}],"curies":[{"name":"wp","href":"https:\/\/api.w.org\/{rel}","templated":true}]}}