{"id":633,"date":"2026-02-06T19:59:25","date_gmt":"2026-02-06T19:59:25","guid":{"rendered":"https:\/\/cordoba.gob.mx\/blog\/?p=633"},"modified":"2026-02-06T19:59:25","modified_gmt":"2026-02-06T19:59:25","slug":"imparten-en-cordoba-jornada-de-fortalecimiento-de-capacidades-para-unidades-municipales","status":"publish","type":"post","link":"https:\/\/cordoba.gob.mx\/blog\/imparten-en-cordoba-jornada-de-fortalecimiento-de-capacidades-para-unidades-municipales\/","title":{"rendered":"Imparten en C\u00f3rdoba Jornada de Fortalecimiento de Capacidades para Unidades Municipales"},"content":{"rendered":"\n<p>C\u00f3rdoba, Ver., 04 de febrero. \u2013 C\u00f3rdoba este mi\u00e9rcoles fue sede de la Jornada de Fortalecimiento de Capacidades para Unidades Municipales, evento en el que participaron representantes de doce municipios aleda\u00f1os a la ciudad, y el cual fue impartido por personal la Secretar\u00eda de Protecci\u00f3n Civil del Estado de Veracruz.<\/p>\n\n\n\n<div class=\"wp-block-group is-content-justification-center is-nowrap is-layout-flex wp-container-core-group-is-layout-d6765923 wp-block-group-is-layout-flex\" style=\"margin-top:var(--wp--preset--spacing--30);margin-bottom:var(--wp--preset--spacing--30)\">\n<figure class=\"wp-block-image size-large has-custom-border\" style=\"margin-right:0;margin-left:0\"><img loading=\"lazy\" decoding=\"async\" width=\"1024\" height=\"681\" src=\"https:\/\/cordoba.gob.mx\/blog\/wp-content\/uploads\/2026\/02\/PC-01.4-1024x681.jpeg\" alt=\"\" class=\"wp-image-634\" style=\"border-top-left-radius:10px;border-top-right-radius:10px;border-bottom-left-radius:10px;border-bottom-right-radius:10px\" srcset=\"https:\/\/cordoba.gob.mx\/blog\/wp-content\/uploads\/2026\/02\/PC-01.4-1024x681.jpeg 1024w, https:\/\/cordoba.gob.mx\/blog\/wp-content\/uploads\/2026\/02\/PC-01.4-300x200.jpeg 300w, https:\/\/cordoba.gob.mx\/blog\/wp-content\/uploads\/2026\/02\/PC-01.4-768x511.jpeg 768w, https:\/\/cordoba.gob.mx\/blog\/wp-content\/uploads\/2026\/02\/PC-01.4-1536x1021.jpeg 1536w, https:\/\/cordoba.gob.mx\/blog\/wp-content\/uploads\/2026\/02\/PC-01.4.jpeg 1600w\" sizes=\"auto, (max-width: 1024px) 100vw, 1024px\" \/><\/figure>\n<\/div>\n\n\n\n<p>El objetivo es que cada de las unidades municipales de Protecci\u00f3n Civil est\u00e9n al d\u00eda de acuerdo a las capacitaciones, reglamentos, todo lo que sea actualizado en los \u00faltimos a\u00f1os a nivel estatal; y es que conforme avanzan los a\u00f1os, las unidades de PC deben fortalecer y preparar de mejor manera a sus elementos para ser m\u00e1s eficientes ante cualquier emergencia o desastre natural.<\/p>\n\n\n\n<p>Est\u00e1s capacitaciones fueron instruidas por Guadalupe Osorno Maldonado, secretaria de Protecci\u00f3n Civil de Veracruz, mediante el enlace regional, Nancy Alejandra Rodr\u00edguez, y se cont\u00f3 con la representaci\u00f3n de municipios como Amatl\u00e1n, Atoyac, Tezonapa, C\u00f3rdoba, entre otros, quienes compartieron mesa de trabajo.<\/p>\n\n\n\n<p>Entre los puntos m\u00e1s relevantes que se abordaron se encuentra las actualizaciones de atlas municipales de riesgo, la actualizaci\u00f3n de gesti\u00f3n integral de riesgo en materia de PC, el sistema de prevenci\u00f3n ante emergencias, y la difusi\u00f3n ante la ciudadan\u00eda para que puedan tener una mejor cultura de prevenci\u00f3n.<\/p>\n\n\n\n<p>En el caso de C\u00f3rdoba ante cualquier instancia la ciudadan\u00eda puede acercarse de manera directa a la oficina de Protecci\u00f3n Civil en el tel\u00e9fono 2717121822 donde cuentan con guardia nocturna, adem\u00e1s del 911, y en el C3 al Departamento de Movilidad en el 2711778950.<\/p>\n\n\n\n<p>Con dichas acciones, el Ayuntamiento de C\u00f3rdoba reafirma su compromiso con la seguridad y protecci\u00f3n de las y los ciudadanos, recordando que \u2018C\u00f3rdoba avanza con orden, orgullo, y responsabilidad compartida\u2019.<\/p>\n","protected":false},"excerpt":{"rendered":"<p>C\u00f3rdoba, Ver., 04 de febrero. \u2013 C\u00f3rdoba este mi\u00e9rcoles fue sede de la Jornada de Fortalecimiento de Capacidades para Unidades Municipales, evento en el que participaron representantes de doce municipios aleda\u00f1os a la ciudad, y el cual fue impartido por personal la Secretar\u00eda de Protecci\u00f3n Civil del Estado de Veracruz. El objetivo es que cada [&hellip;]<\/p>\n","protected":false},"author":1,"featured_media":637,"comment_status":"closed","ping_status":"open","sticky":false,"template":"","format":"standard","meta":{"footnotes":""},"categories":[1],"tags":[],"class_list":["post-633","post","type-post","status-publish","format-standard","has-post-thumbnail","hentry","category-general"],"_links":{"self":[{"href":"https:\/\/cordoba.gob.mx\/blog\/wp-json\/wp\/v2\/posts\/633","targetHints":{"allow":["GET"]}}],"collection":[{"href":"https:\/\/cordoba.gob.mx\/blog\/wp-json\/wp\/v2\/posts"}],"about":[{"href":"https:\/\/cordoba.gob.mx\/blog\/wp-json\/wp\/v2\/types\/post"}],"author":[{"embeddable":true,"href":"https:\/\/cordoba.gob.mx\/blog\/wp-json\/wp\/v2\/users\/1"}],"replies":[{"embeddable":true,"href":"https:\/\/cordoba.gob.mx\/blog\/wp-json\/wp\/v2\/comments?post=633"}],"version-history":[{"count":1,"href":"https:\/\/cordoba.gob.mx\/blog\/wp-json\/wp\/v2\/posts\/633\/revisions"}],"predecessor-version":[{"id":636,"href":"https:\/\/cordoba.gob.mx\/blog\/wp-json\/wp\/v2\/posts\/633\/revisions\/636"}],"wp:featuredmedia":[{"embeddable":true,"href":"https:\/\/cordoba.gob.mx\/blog\/wp-json\/wp\/v2\/media\/637"}],"wp:attachment":[{"href":"https:\/\/cordoba.gob.mx\/blog\/wp-json\/wp\/v2\/media?parent=633"}],"wp:term":[{"taxonomy":"category","embeddable":true,"href":"https:\/\/cordoba.gob.mx\/blog\/wp-json\/wp\/v2\/categories?post=633"},{"taxonomy":"post_tag","embeddable":true,"href":"https:\/\/cordoba.gob.mx\/blog\/wp-json\/wp\/v2\/tags?post=633"}],"curies":[{"name":"wp","href":"https:\/\/api.w.org\/{rel}","templated":true}]}}