{"id":643,"date":"2026-02-06T19:59:25","date_gmt":"2026-02-06T19:59:25","guid":{"rendered":"https:\/\/cordoba.gob.mx\/blog\/?p=643"},"modified":"2026-02-06T19:59:25","modified_gmt":"2026-02-06T19:59:25","slug":"ciudadanos-responden-a-la-convocatoria-del-coplademun","status":"publish","type":"post","link":"https:\/\/cordoba.gob.mx\/blog\/ciudadanos-responden-a-la-convocatoria-del-coplademun\/","title":{"rendered":"Ciudadanos responden a la convocatoria del COPLADEMUN"},"content":{"rendered":"\n<p>C\u00f3rdoba, Veracruz, a 04 de febrero de 2026.\u2013 La ciudadan\u00eda cordobesa respondi\u00f3 a la convocatoria para formar parte del Consejo de Planeaci\u00f3n para el Desarrollo Municipal (COPLADEMUN) de la administraci\u00f3n 2026-29, y ahora es tiempo de an\u00e1lisis para la integraci\u00f3n del mismo, inform\u00f3 Nathalia Olivares Quezada, titular de la Jefatura de Participaci\u00f3n Ciudadana y Centro de Desarrollo Comunitario.<\/p>\n\n\n\n<p>Con la finalidad de encontrar a los mejores candidatos posibles, Olivares Quezada, asegur\u00f3 que es turno del an\u00e1lisis junto con las regidur\u00edas uno y cuatro, y posteriormente la aprobaci\u00f3n y protesta ante el Cabildo; la titular de la Jefatura de Participaci\u00f3n Ciudadana, tambi\u00e9n informa a la ciudadan\u00eda que est\u00e1 pr\u00f3xima a ser lanzada la convocatoria para la elecci\u00f3n de agentes y subagentes municipales.<\/p>\n\n\n\n<p>\u201cDel 21 de enero al 03 de febrero recibimos las solicitudes de personas que buscan formar parte del Consejo de Planeaci\u00f3n para el Desarrollo Municipal, no solo se recibieron en la oficina de Participaci\u00f3n Ciudadana, sino que tambi\u00e9n en la regidur\u00eda primera y regidur\u00eda cuarta; aqu\u00ed recibimos cuatro solicitudes, pero ahora vamos a cuadrar con las regidur\u00edas para hacer el cruce de informaci\u00f3n\u201d, afirm\u00f3 Olivares Quezada.<\/p>\n\n\n\n<p>Luego de la recepci\u00f3n de solicitudes, desde este d\u00eda y hasta el pr\u00f3ximo 06 de febrero, se realizar\u00e1 el an\u00e1lisis y posteriormente se citar\u00e1 a cada uno de los seleccionados para la \u00faltima etapa entre el 09 y 11 de febrero, y el consejo ya conformado deber\u00e1n rendir protesta ante Cabildo el pr\u00f3ximo 13 de febrero.<\/p>\n\n\n\n<p>Por otra parte, Nathalia Olivares Quezada, apunt\u00f3 que la convocatoria para agentes y subagentes estar\u00eda pr\u00f3xima a la lanzarse, aunque por ahora esperan la confirmaci\u00f3n del Congreso. \u201cEs un tema s\u00faper relevante que la poblaci\u00f3n ha estado pendiente, especialmente los cordobeses de la zona rural que es a la que corresponde la elecci\u00f3n de agentes y subagentes municipales, y actualmente la convocatoria se encuentra en revisi\u00f3n en Congreso del Estado, estamos a la espera de posibles observaciones y la convocatoria para agentes y subagentes municipales deber\u00e1 publicarse a m\u00e1s tardar el pr\u00f3ximo 25 de febrero\u201d, apunt\u00f3.<\/p>\n\n\n\n<p>Una vez que el Congreso del Estado apruebe la convocatoria, est\u00e1 ser\u00e1 publicada en todos los canales oficiales del Ayuntamiento de C\u00f3rdoba, y distribuida en cada una de las comunidades para que todos los interesados puedan conocerla y apegarse a los lineamientos. La elecci\u00f3n se realizar\u00e1 el 05 de abril y posteriormente el 01 de mayo se tomar\u00eda protesta ante Cabildo para los nuevos agentes y subagentes municipales.<\/p>\n\n\n\n<p>Recordar que C\u00f3rdoba esta compuesta por 39 comunidades: San Jos\u00e9 de Tapia, 20 de Noviembre, Miguel Aguilar, Palma y montero, Buenos Aires El Porvenir, San Rafael Caler\u00eda, San Isidro Palotal, Tecama Caler\u00eda, Guadalupe Barreal, El Gallego \u2018La Lagunilla\u2019, Zacatepec, Agust\u00edn Millan, San Mat\u00edas, Rancho Quemado, Acayotla, Rancho Herrera, Tinajitas, Matlaquiahuitl, San Jos\u00e9 Loma Grande, Loma Chica, San Bartolo, Francisco I. Madero, Kil\u00f3metro 14, Palenque Palotal, La Luz Palotal, Cosaltepec, Quinta Manzana Barreal, Cuarta Manzana Barreal, La Reforma, Santa Elena, La Palma, Agr\u00edcola Primera Manzana, El Baj\u00edo, Paredones, Agr\u00edcola Santa Mar\u00eda, San Pedro y Anexas, Ojo de Agua, San Aparicio, y Cervantes y Lozada.<\/p>\n\n\n\n<p>Finalmente, la titular de la Jefatura de Protecci\u00f3n Ciudadana y Centro de Desarrollo Comunitario, afirma que su oficina est\u00e1 abierta para recibir a todas y todos los interesados en temas que le competen al departamento que tiene a su cargo. As\u00ed, el Ayuntamiento de C\u00f3rdoba, mantiene un constante acercamiento con la poblaci\u00f3n para atender las necesidades tanto de la zona urbana como rural.<\/p>\n","protected":false},"excerpt":{"rendered":"<p>C\u00f3rdoba, Veracruz, a 04 de febrero de 2026.\u2013 La ciudadan\u00eda cordobesa respondi\u00f3 a la convocatoria para formar parte del Consejo de Planeaci\u00f3n para el Desarrollo Municipal (COPLADEMUN) de la administraci\u00f3n 2026-29, y ahora es tiempo de an\u00e1lisis para la integraci\u00f3n del mismo, inform\u00f3 Nathalia Olivares Quezada, titular de la Jefatura de Participaci\u00f3n Ciudadana y Centro [&hellip;]<\/p>\n","protected":false},"author":1,"featured_media":644,"comment_status":"closed","ping_status":"open","sticky":false,"template":"","format":"standard","meta":{"footnotes":""},"categories":[1],"tags":[],"class_list":["post-643","post","type-post","status-publish","format-standard","has-post-thumbnail","hentry","category-general"],"_links":{"self":[{"href":"https:\/\/cordoba.gob.mx\/blog\/wp-json\/wp\/v2\/posts\/643","targetHints":{"allow":["GET"]}}],"collection":[{"href":"https:\/\/cordoba.gob.mx\/blog\/wp-json\/wp\/v2\/posts"}],"about":[{"href":"https:\/\/cordoba.gob.mx\/blog\/wp-json\/wp\/v2\/types\/post"}],"author":[{"embeddable":true,"href":"https:\/\/cordoba.gob.mx\/blog\/wp-json\/wp\/v2\/users\/1"}],"replies":[{"embeddable":true,"href":"https:\/\/cordoba.gob.mx\/blog\/wp-json\/wp\/v2\/comments?post=643"}],"version-history":[{"count":1,"href":"https:\/\/cordoba.gob.mx\/blog\/wp-json\/wp\/v2\/posts\/643\/revisions"}],"predecessor-version":[{"id":645,"href":"https:\/\/cordoba.gob.mx\/blog\/wp-json\/wp\/v2\/posts\/643\/revisions\/645"}],"wp:featuredmedia":[{"embeddable":true,"href":"https:\/\/cordoba.gob.mx\/blog\/wp-json\/wp\/v2\/media\/644"}],"wp:attachment":[{"href":"https:\/\/cordoba.gob.mx\/blog\/wp-json\/wp\/v2\/media?parent=643"}],"wp:term":[{"taxonomy":"category","embeddable":true,"href":"https:\/\/cordoba.gob.mx\/blog\/wp-json\/wp\/v2\/categories?post=643"},{"taxonomy":"post_tag","embeddable":true,"href":"https:\/\/cordoba.gob.mx\/blog\/wp-json\/wp\/v2\/tags?post=643"}],"curies":[{"name":"wp","href":"https:\/\/api.w.org\/{rel}","templated":true}]}}