{"id":646,"date":"2026-02-06T19:59:25","date_gmt":"2026-02-06T19:59:25","guid":{"rendered":"https:\/\/cordoba.gob.mx\/blog\/?p=646"},"modified":"2026-02-06T19:59:25","modified_gmt":"2026-02-06T19:59:25","slug":"ayuntamiento-fortalece-lazos-con-el-sector-educativo","status":"publish","type":"post","link":"https:\/\/cordoba.gob.mx\/blog\/ayuntamiento-fortalece-lazos-con-el-sector-educativo\/","title":{"rendered":"Ayuntamiento fortalece lazos con el sector educativo"},"content":{"rendered":"\n<p>C\u00f3rdoba, Veracruz, a 04 de febrero de 2026.\u2013 Durante la primera Mesa Informativa con \u00c1reas Municipales de C\u00f3rdoba, celebrada este mi\u00e9rcoles en el gimnasio El Mexicano, profesores, supervisores y docentes, tuvieron la oportunidad de dialogar con diversos titulares de las \u00e1reas del Ayuntamiento de C\u00f3rdoba con la finalidad de compartir puntos de vista, y enlistar las principales necesidades en favor de la educaci\u00f3n de las ni\u00f1as y ni\u00f1os del municipio.<\/p>\n\n\n\n<div class=\"wp-block-group is-content-justification-center is-nowrap is-layout-flex wp-container-core-group-is-layout-d6765923 wp-block-group-is-layout-flex\" style=\"margin-top:var(--wp--preset--spacing--30);margin-bottom:var(--wp--preset--spacing--30)\">\n<figure class=\"wp-block-image size-large has-custom-border\" style=\"margin-right:0;margin-left:0\"><img loading=\"lazy\" decoding=\"async\" width=\"1024\" height=\"681\" src=\"https:\/\/cordoba.gob.mx\/blog\/wp-content\/uploads\/2026\/02\/ESCUELAS-1--1024x681.jpeg\" alt=\"\" class=\"wp-image-648\" style=\"border-top-left-radius:10px;border-top-right-radius:10px;border-bottom-left-radius:10px;border-bottom-right-radius:10px\" srcset=\"https:\/\/cordoba.gob.mx\/blog\/wp-content\/uploads\/2026\/02\/ESCUELAS-1--1024x681.jpeg 1024w, https:\/\/cordoba.gob.mx\/blog\/wp-content\/uploads\/2026\/02\/ESCUELAS-1--300x200.jpeg 300w, https:\/\/cordoba.gob.mx\/blog\/wp-content\/uploads\/2026\/02\/ESCUELAS-1--768x511.jpeg 768w, https:\/\/cordoba.gob.mx\/blog\/wp-content\/uploads\/2026\/02\/ESCUELAS-1--1536x1022.jpeg 1536w, https:\/\/cordoba.gob.mx\/blog\/wp-content\/uploads\/2026\/02\/ESCUELAS-1--2048x1362.jpeg 2048w\" sizes=\"auto, (max-width: 1024px) 100vw, 1024px\" \/><\/figure>\n<\/div>\n\n\n\n<p>Jos\u00e9 Manuel Espinosa Garc\u00eda, titular de la Jefatura de Educaci\u00f3n del Ayuntamiento de C\u00f3rdoba, explic\u00f3 que dicho acercamiento es de suma importancia para conocer la situaci\u00f3n real del magisterio cordob\u00e9s. \u201cHoy asistieron maestros del magisterio de preescolar y secundarias, y el viernes atenderemos a primarias y preparatorias, y se cont\u00f3 con la participaci\u00f3n de 125-130 maestros que nos contaron la realidad de sus escuelas. Esto nos ayuda a conocer en la que est\u00e1n, y ver de qu\u00e9 manera podemos coadyuvar con ellos por instrucci\u00f3n del presidente municipal, Manuel Alonso Cerezo\u201d, afirm\u00f3 el titular de Educaci\u00f3n.<\/p>\n\n\n\n<p>La tarea no es nada sencilla, pero el primer paso se ha dado al crear un v\u00ednculo entre Ayuntamiento y los representantes de las escuelas p\u00fablicas. \u201cEsto nos ayuda a tener una radiograf\u00eda que nos permite dar mejores atenciones, y atender primero las m\u00e1s necesarias para llegar al punto ideal que es lo que queremos\u201d, a\u00f1adi\u00f3 Espinosa Garc\u00eda.<\/p>\n\n\n\n<p>\u201cTenemos situaciones de escuelas con temas urgentes como alguna dictaminaci\u00f3n por parte de Protecci\u00f3n Civil para su libro de operaci\u00f3n en caso de alg\u00fan siniestro, desde eso, o hasta bardas perimetrales que se est\u00e1n cayendo por alg\u00fan deslave, y eso necesitamos atender a prontitud para que las actividades escolares no se vean mermadas; luego est\u00e1n las atenciones necesarias como mantenimiento o apoyo, y hasta llegar a lo ideal que es la escuela que cuenta con todos lo lineamientos, con toda su infraestructura y capacidad de atender a los ni\u00f1os y ni\u00f1as cordobeses\u201d, a\u00f1adi\u00f3.<\/p>\n\n\n\n<p>La Jefatura de Educaci\u00f3n tiene como misi\u00f3n fomentar, planear, gestionar y vigilar todas las actividades de la materia dentro del municipio, por lo que Jos\u00e9 Manuel Espinosa Garc\u00eda extiende una invitaci\u00f3n para todo el personal docente del municipio para acercarse y dialogar en pro de la ni\u00f1ez y juventud cordobesa.<\/p>\n","protected":false},"excerpt":{"rendered":"<p>C\u00f3rdoba, Veracruz, a 04 de febrero de 2026.\u2013 Durante la primera Mesa Informativa con \u00c1reas Municipales de C\u00f3rdoba, celebrada este mi\u00e9rcoles en el gimnasio El Mexicano, profesores, supervisores y docentes, tuvieron la oportunidad de dialogar con diversos titulares de las \u00e1reas del Ayuntamiento de C\u00f3rdoba con la finalidad de compartir puntos de vista, y enlistar [&hellip;]<\/p>\n","protected":false},"author":1,"featured_media":647,"comment_status":"closed","ping_status":"open","sticky":false,"template":"","format":"standard","meta":{"footnotes":""},"categories":[1],"tags":[],"class_list":["post-646","post","type-post","status-publish","format-standard","has-post-thumbnail","hentry","category-general"],"_links":{"self":[{"href":"https:\/\/cordoba.gob.mx\/blog\/wp-json\/wp\/v2\/posts\/646","targetHints":{"allow":["GET"]}}],"collection":[{"href":"https:\/\/cordoba.gob.mx\/blog\/wp-json\/wp\/v2\/posts"}],"about":[{"href":"https:\/\/cordoba.gob.mx\/blog\/wp-json\/wp\/v2\/types\/post"}],"author":[{"embeddable":true,"href":"https:\/\/cordoba.gob.mx\/blog\/wp-json\/wp\/v2\/users\/1"}],"replies":[{"embeddable":true,"href":"https:\/\/cordoba.gob.mx\/blog\/wp-json\/wp\/v2\/comments?post=646"}],"version-history":[{"count":1,"href":"https:\/\/cordoba.gob.mx\/blog\/wp-json\/wp\/v2\/posts\/646\/revisions"}],"predecessor-version":[{"id":649,"href":"https:\/\/cordoba.gob.mx\/blog\/wp-json\/wp\/v2\/posts\/646\/revisions\/649"}],"wp:featuredmedia":[{"embeddable":true,"href":"https:\/\/cordoba.gob.mx\/blog\/wp-json\/wp\/v2\/media\/647"}],"wp:attachment":[{"href":"https:\/\/cordoba.gob.mx\/blog\/wp-json\/wp\/v2\/media?parent=646"}],"wp:term":[{"taxonomy":"category","embeddable":true,"href":"https:\/\/cordoba.gob.mx\/blog\/wp-json\/wp\/v2\/categories?post=646"},{"taxonomy":"post_tag","embeddable":true,"href":"https:\/\/cordoba.gob.mx\/blog\/wp-json\/wp\/v2\/tags?post=646"}],"curies":[{"name":"wp","href":"https:\/\/api.w.org\/{rel}","templated":true}]}}