{"id":650,"date":"2026-02-06T19:59:25","date_gmt":"2026-02-06T19:59:25","guid":{"rendered":"https:\/\/cordoba.gob.mx\/blog\/?p=650"},"modified":"2026-02-06T19:59:25","modified_gmt":"2026-02-06T19:59:25","slug":"alcalde-manuel-alonso-cerezo-abandera-a-delegacion-cordobesa","status":"publish","type":"post","link":"https:\/\/cordoba.gob.mx\/blog\/alcalde-manuel-alonso-cerezo-abandera-a-delegacion-cordobesa\/","title":{"rendered":"Alcalde Manuel Alonso Cerezo abandera a delegaci\u00f3n cordobesa"},"content":{"rendered":"\n<p>C\u00f3rdoba, Veracruz, a 04 de febrero de 2026.\u2013 El alcalde de C\u00f3rdoba, Manuel Alonso Cerezo, encabez\u00f3 este mi\u00e9rcoles, junto con su esposa Carolina Mend\u00edvil&nbsp; de Alonso, presidenta del Sistema Municipal DIF y autoridades locales, la ceremonia de abanderamiento de la delegaci\u00f3n que representa al municipio en la etapa Estatal de la Olimpiada Nacional Conade 2026, con lo que el Ayuntamiento de C\u00f3rdoba reafirma su compromiso con las y los deportistas.<\/p>\n\n\n\n<div class=\"wp-block-group is-content-justification-center is-nowrap is-layout-flex wp-container-core-group-is-layout-d6765923 wp-block-group-is-layout-flex\" style=\"margin-top:var(--wp--preset--spacing--30);margin-bottom:var(--wp--preset--spacing--30)\">\n<figure class=\"wp-block-image size-large has-custom-border\" style=\"margin-right:0;margin-left:0\"><img loading=\"lazy\" decoding=\"async\" width=\"1024\" height=\"575\" src=\"https:\/\/cordoba.gob.mx\/blog\/wp-content\/uploads\/2026\/02\/DELEGA5-1024x575.jpeg\" alt=\"\" class=\"wp-image-655\" style=\"border-top-left-radius:10px;border-top-right-radius:10px;border-bottom-left-radius:10px;border-bottom-right-radius:10px\" srcset=\"https:\/\/cordoba.gob.mx\/blog\/wp-content\/uploads\/2026\/02\/DELEGA5-1024x575.jpeg 1024w, https:\/\/cordoba.gob.mx\/blog\/wp-content\/uploads\/2026\/02\/DELEGA5-300x169.jpeg 300w, https:\/\/cordoba.gob.mx\/blog\/wp-content\/uploads\/2026\/02\/DELEGA5-768x432.jpeg 768w, https:\/\/cordoba.gob.mx\/blog\/wp-content\/uploads\/2026\/02\/DELEGA5-1536x863.jpeg 1536w, https:\/\/cordoba.gob.mx\/blog\/wp-content\/uploads\/2026\/02\/DELEGA5.jpeg 1600w\" sizes=\"auto, (max-width: 1024px) 100vw, 1024px\" \/><\/figure>\n\n\n\n<figure class=\"wp-block-image size-large has-custom-border\" style=\"margin-right:0;margin-left:0\"><img loading=\"lazy\" decoding=\"async\" width=\"1024\" height=\"575\" src=\"https:\/\/cordoba.gob.mx\/blog\/wp-content\/uploads\/2026\/02\/DELEGA6-1024x575.jpeg\" alt=\"\" class=\"wp-image-656\" style=\"border-top-left-radius:10px;border-top-right-radius:10px;border-bottom-left-radius:10px;border-bottom-right-radius:10px\" srcset=\"https:\/\/cordoba.gob.mx\/blog\/wp-content\/uploads\/2026\/02\/DELEGA6-1024x575.jpeg 1024w, https:\/\/cordoba.gob.mx\/blog\/wp-content\/uploads\/2026\/02\/DELEGA6-300x169.jpeg 300w, https:\/\/cordoba.gob.mx\/blog\/wp-content\/uploads\/2026\/02\/DELEGA6-768x432.jpeg 768w, https:\/\/cordoba.gob.mx\/blog\/wp-content\/uploads\/2026\/02\/DELEGA6-1536x863.jpeg 1536w, https:\/\/cordoba.gob.mx\/blog\/wp-content\/uploads\/2026\/02\/DELEGA6.jpeg 1600w\" sizes=\"auto, (max-width: 1024px) 100vw, 1024px\" \/><\/figure>\n<\/div>\n\n\n\n<div class=\"wp-block-group is-content-justification-center is-nowrap is-layout-flex wp-container-core-group-is-layout-d6765923 wp-block-group-is-layout-flex\" style=\"margin-top:var(--wp--preset--spacing--30);margin-bottom:var(--wp--preset--spacing--30)\">\n<figure class=\"wp-block-image size-large has-custom-border\" style=\"margin-right:0;margin-left:0\"><img loading=\"lazy\" decoding=\"async\" width=\"1024\" height=\"524\" src=\"https:\/\/cordoba.gob.mx\/blog\/wp-content\/uploads\/2026\/02\/DELEGA1-1024x524.jpeg\" alt=\"\" class=\"wp-image-651\" style=\"border-top-left-radius:10px;border-top-right-radius:10px;border-bottom-left-radius:10px;border-bottom-right-radius:10px\" srcset=\"https:\/\/cordoba.gob.mx\/blog\/wp-content\/uploads\/2026\/02\/DELEGA1-1024x524.jpeg 1024w, https:\/\/cordoba.gob.mx\/blog\/wp-content\/uploads\/2026\/02\/DELEGA1-300x154.jpeg 300w, https:\/\/cordoba.gob.mx\/blog\/wp-content\/uploads\/2026\/02\/DELEGA1-768x393.jpeg 768w, https:\/\/cordoba.gob.mx\/blog\/wp-content\/uploads\/2026\/02\/DELEGA1-1536x786.jpeg 1536w, https:\/\/cordoba.gob.mx\/blog\/wp-content\/uploads\/2026\/02\/DELEGA1.jpeg 1600w\" sizes=\"auto, (max-width: 1024px) 100vw, 1024px\" \/><\/figure>\n<\/div>\n\n\n\n<p>En el gimnasio El Mexicano fueron abanderados m\u00e1s de 250 deportistas y entrenadores de disciplinas como judo, b\u00e1dminton, voleibol, futbol, y otras disciplinas, quienes portar\u00e1n con orgullo los colores e identidad de C\u00f3rdoba, buscando avanzar de etapa para luego representar al estado de Veracruz.<\/p>\n\n\n\n<p>Tras el acto c\u00edvico que incluy\u00f3 honores a la bandera y la entonaci\u00f3n del Himno Nacional, la destacada jugadora de voleibol Mar\u00eda Paulina Reyes Arano, habl\u00f3 en representaci\u00f3n de la comunidad deportiva y pidi\u00f3 a sus compa\u00f1eros y compa\u00f1eras dejarlo todo en cada escenario deportivo, representando con orgullo a la ciudad, y buscando siempre lo m\u00e1s alto del podio. \u201cTodos compartimos algo: horas de entrenamiento, cansancio, ca\u00eddas, pero siempre con la decisi\u00f3n diaria de nunca rendirnos. Portar el nombre de C\u00f3rdoba no es cualquier cosa. El orgullo cordob\u00e9s no se dice, se construye con hechos, disciplina, respeto, y resultados dentro y fuera de la cancha\u201d, apunt\u00f3 la seleccionada cordobesa.<\/p>\n\n\n\n<p>En el evento tambi\u00e9n estuvieron presentes Claudia De la Huerta Manjarrez, regidora octava, Dennis Araceli Lira Tosqui, coordinadora de Bienestar, Ricardo Rinc\u00f3n Espinoza, titular de la Jefatura de Deporte, Manuel Alonso Mend\u00edvil, entrenadores, deportistas, y padres de familia.<\/p>\n\n\n\n<p>La primera autoridad reiter\u00f3 la relevancia de impulsar el deporte, y remarc\u00f3 que, junto con la cultura, y educaci\u00f3n, son temas prioritarios de la administraci\u00f3n. \u201cNuestro compromiso es apoyar el deporte, la cultura y la educaci\u00f3n, en este caso es un ejemplo del apoyo que le daremos al deporte, y quiero que vean que tenemos un titular de deporte de Grandes Ligas (Ricardo Rinc\u00f3n)\u201d, apunt\u00f3 el alcalde.<\/p>\n\n\n\n<p>Ricardo Rinc\u00f3n, titular de la Jefatura de Deporte, reconoci\u00f3 adem\u00e1s el esfuerzo de los padres de familia como piedra angular en la vida de cada deportista, y a la delegaci\u00f3n les dese\u00f3 el mayor de los \u00e9xitos. De esta manera C\u00f3rdoba est\u00e1 m\u00e1s que lista para pelear lo m\u00e1s alto del medallero en la fase Estatal de la Olimpiada Nacional Conade 2026.<\/p>\n","protected":false},"excerpt":{"rendered":"<p>C\u00f3rdoba, Veracruz, a 04 de febrero de 2026.\u2013 El alcalde de C\u00f3rdoba, Manuel Alonso Cerezo, encabez\u00f3 este mi\u00e9rcoles, junto con su esposa Carolina Mend\u00edvil&nbsp; de Alonso, presidenta del Sistema Municipal DIF y autoridades locales, la ceremonia de abanderamiento de la delegaci\u00f3n que representa al municipio en la etapa Estatal de la Olimpiada Nacional Conade 2026, [&hellip;]<\/p>\n","protected":false},"author":1,"featured_media":654,"comment_status":"closed","ping_status":"open","sticky":false,"template":"","format":"standard","meta":{"footnotes":""},"categories":[1],"tags":[],"class_list":["post-650","post","type-post","status-publish","format-standard","has-post-thumbnail","hentry","category-general"],"_links":{"self":[{"href":"https:\/\/cordoba.gob.mx\/blog\/wp-json\/wp\/v2\/posts\/650","targetHints":{"allow":["GET"]}}],"collection":[{"href":"https:\/\/cordoba.gob.mx\/blog\/wp-json\/wp\/v2\/posts"}],"about":[{"href":"https:\/\/cordoba.gob.mx\/blog\/wp-json\/wp\/v2\/types\/post"}],"author":[{"embeddable":true,"href":"https:\/\/cordoba.gob.mx\/blog\/wp-json\/wp\/v2\/users\/1"}],"replies":[{"embeddable":true,"href":"https:\/\/cordoba.gob.mx\/blog\/wp-json\/wp\/v2\/comments?post=650"}],"version-history":[{"count":1,"href":"https:\/\/cordoba.gob.mx\/blog\/wp-json\/wp\/v2\/posts\/650\/revisions"}],"predecessor-version":[{"id":657,"href":"https:\/\/cordoba.gob.mx\/blog\/wp-json\/wp\/v2\/posts\/650\/revisions\/657"}],"wp:featuredmedia":[{"embeddable":true,"href":"https:\/\/cordoba.gob.mx\/blog\/wp-json\/wp\/v2\/media\/654"}],"wp:attachment":[{"href":"https:\/\/cordoba.gob.mx\/blog\/wp-json\/wp\/v2\/media?parent=650"}],"wp:term":[{"taxonomy":"category","embeddable":true,"href":"https:\/\/cordoba.gob.mx\/blog\/wp-json\/wp\/v2\/categories?post=650"},{"taxonomy":"post_tag","embeddable":true,"href":"https:\/\/cordoba.gob.mx\/blog\/wp-json\/wp\/v2\/tags?post=650"}],"curies":[{"name":"wp","href":"https:\/\/api.w.org\/{rel}","templated":true}]}}