{"id":658,"date":"2026-02-06T19:59:25","date_gmt":"2026-02-06T19:59:25","guid":{"rendered":"https:\/\/cordoba.gob.mx\/blog\/?p=658"},"modified":"2026-02-06T19:59:25","modified_gmt":"2026-02-06T19:59:25","slug":"instala-el-h-ayuntamiento-de-cordoba-su-comite-de-transparencia","status":"publish","type":"post","link":"https:\/\/cordoba.gob.mx\/blog\/instala-el-h-ayuntamiento-de-cordoba-su-comite-de-transparencia\/","title":{"rendered":"Instala el H. Ayuntamiento de C\u00f3rdoba su Comit\u00e9 de Transparencia"},"content":{"rendered":"\n<p>C\u00f3rdoba, Veracruz, a 4 de febrero de 2026. \u2014 En cumplimiento al marco constitucional y legal en materia de acceso a la informaci\u00f3n p\u00fablica y protecci\u00f3n de datos personales, el H. Ayuntamiento Constitucional de C\u00f3rdoba, Veracruz, llev\u00f3 a cabo la instalaci\u00f3n formal del Comit\u00e9 de Transparencia, acci\u00f3n orientada a fortalecer la rendici\u00f3n de cuentas, la legalidad y la transparencia en el ejercicio de la funci\u00f3n p\u00fablica municipal.<\/p>\n\n\n\n<p>El Comit\u00e9 de Transparencia tendr\u00e1, entre sus atribuciones principales, confirmar, modificar o revocar la clasificaci\u00f3n de la informaci\u00f3n; aprobar las versiones p\u00fablicas de documentos que contengan informaci\u00f3n confidencial o reservada; instruir la localizaci\u00f3n de informaci\u00f3n en las \u00e1reas administrativas correspondientes; as\u00ed como vigilar el cumplimiento de las disposiciones legales en materia de transparencia y acceso a la informaci\u00f3n p\u00fablica.<\/p>\n\n\n\n<div class=\"wp-block-group is-content-justification-center is-nowrap is-layout-flex wp-container-core-group-is-layout-d6765923 wp-block-group-is-layout-flex\" style=\"margin-top:var(--wp--preset--spacing--30);margin-bottom:var(--wp--preset--spacing--30)\">\n<figure class=\"wp-block-image size-large has-custom-border\" style=\"margin-right:0;margin-left:0\"><img loading=\"lazy\" decoding=\"async\" width=\"1024\" height=\"683\" src=\"https:\/\/cordoba.gob.mx\/blog\/wp-content\/uploads\/2026\/02\/INSTALACION-DE-TRANSPARENCIA4-1024x683.jpeg\" alt=\"\" class=\"wp-image-662\" style=\"border-top-left-radius:10px;border-top-right-radius:10px;border-bottom-left-radius:10px;border-bottom-right-radius:10px\" srcset=\"https:\/\/cordoba.gob.mx\/blog\/wp-content\/uploads\/2026\/02\/INSTALACION-DE-TRANSPARENCIA4-1024x683.jpeg 1024w, https:\/\/cordoba.gob.mx\/blog\/wp-content\/uploads\/2026\/02\/INSTALACION-DE-TRANSPARENCIA4-300x200.jpeg 300w, https:\/\/cordoba.gob.mx\/blog\/wp-content\/uploads\/2026\/02\/INSTALACION-DE-TRANSPARENCIA4-768x512.jpeg 768w, https:\/\/cordoba.gob.mx\/blog\/wp-content\/uploads\/2026\/02\/INSTALACION-DE-TRANSPARENCIA4-1536x1025.jpeg 1536w, https:\/\/cordoba.gob.mx\/blog\/wp-content\/uploads\/2026\/02\/INSTALACION-DE-TRANSPARENCIA4.jpeg 2048w\" sizes=\"auto, (max-width: 1024px) 100vw, 1024px\" \/><\/figure>\n\n\n\n<figure class=\"wp-block-image size-large has-custom-border\" style=\"margin-right:0;margin-left:0\"><img loading=\"lazy\" decoding=\"async\" width=\"1024\" height=\"683\" src=\"https:\/\/cordoba.gob.mx\/blog\/wp-content\/uploads\/2026\/02\/INSTALACION-DE-TRANSPARENCIA3-1024x683.jpeg\" alt=\"\" class=\"wp-image-661\" style=\"border-top-left-radius:10px;border-top-right-radius:10px;border-bottom-left-radius:10px;border-bottom-right-radius:10px\" srcset=\"https:\/\/cordoba.gob.mx\/blog\/wp-content\/uploads\/2026\/02\/INSTALACION-DE-TRANSPARENCIA3-1024x683.jpeg 1024w, https:\/\/cordoba.gob.mx\/blog\/wp-content\/uploads\/2026\/02\/INSTALACION-DE-TRANSPARENCIA3-300x200.jpeg 300w, https:\/\/cordoba.gob.mx\/blog\/wp-content\/uploads\/2026\/02\/INSTALACION-DE-TRANSPARENCIA3-768x512.jpeg 768w, https:\/\/cordoba.gob.mx\/blog\/wp-content\/uploads\/2026\/02\/INSTALACION-DE-TRANSPARENCIA3-1536x1025.jpeg 1536w, https:\/\/cordoba.gob.mx\/blog\/wp-content\/uploads\/2026\/02\/INSTALACION-DE-TRANSPARENCIA3.jpeg 2048w\" sizes=\"auto, (max-width: 1024px) 100vw, 1024px\" \/><\/figure>\n<\/div>\n\n\n\n<p>Lo anterior, de conformidad con lo dispuesto en los art\u00edculos 43 y 44 de la Ley de Transparencia y Acceso a la Informaci\u00f3n P\u00fablica para el Estado de Veracruz, as\u00ed como los art\u00edculos 35 y 36 de la Ley Org\u00e1nica del Municipio Libre. En este sentido, el Comit\u00e9 de Transparencia del H. Ayuntamiento de C\u00f3rdoba qued\u00f3 integrado de la siguiente manera:<\/p>\n\n\n\n<div class=\"wp-block-group is-content-justification-center is-nowrap is-layout-flex wp-container-core-group-is-layout-d6765923 wp-block-group-is-layout-flex\" style=\"margin-top:var(--wp--preset--spacing--30);margin-bottom:var(--wp--preset--spacing--30)\">\n<figure class=\"wp-block-image size-large has-custom-border\" style=\"margin-right:0;margin-left:0\"><img loading=\"lazy\" decoding=\"async\" width=\"1024\" height=\"683\" src=\"https:\/\/cordoba.gob.mx\/blog\/wp-content\/uploads\/2026\/02\/INSTALACION-DE-TRANSPARENCIA2-1024x683.jpeg\" alt=\"\" class=\"wp-image-660\" style=\"border-top-left-radius:10px;border-top-right-radius:10px;border-bottom-left-radius:10px;border-bottom-right-radius:10px;aspect-ratio:4\/3;object-fit:cover\" srcset=\"https:\/\/cordoba.gob.mx\/blog\/wp-content\/uploads\/2026\/02\/INSTALACION-DE-TRANSPARENCIA2-1024x683.jpeg 1024w, https:\/\/cordoba.gob.mx\/blog\/wp-content\/uploads\/2026\/02\/INSTALACION-DE-TRANSPARENCIA2-300x200.jpeg 300w, https:\/\/cordoba.gob.mx\/blog\/wp-content\/uploads\/2026\/02\/INSTALACION-DE-TRANSPARENCIA2-768x512.jpeg 768w, https:\/\/cordoba.gob.mx\/blog\/wp-content\/uploads\/2026\/02\/INSTALACION-DE-TRANSPARENCIA2-1536x1025.jpeg 1536w, https:\/\/cordoba.gob.mx\/blog\/wp-content\/uploads\/2026\/02\/INSTALACION-DE-TRANSPARENCIA2.jpeg 2048w\" sizes=\"auto, (max-width: 1024px) 100vw, 1024px\" \/><\/figure>\n\n\n\n<figure class=\"wp-block-image size-large has-custom-border\" style=\"margin-right:0;margin-left:0\"><img loading=\"lazy\" decoding=\"async\" width=\"1024\" height=\"634\" src=\"https:\/\/cordoba.gob.mx\/blog\/wp-content\/uploads\/2026\/02\/INSTALACION-DE-TRANSPARENCIA-1024x634.jpeg\" alt=\"\" class=\"wp-image-659\" style=\"border-top-left-radius:10px;border-top-right-radius:10px;border-bottom-left-radius:10px;border-bottom-right-radius:10px;aspect-ratio:4\/3;object-fit:cover\" srcset=\"https:\/\/cordoba.gob.mx\/blog\/wp-content\/uploads\/2026\/02\/INSTALACION-DE-TRANSPARENCIA-1024x634.jpeg 1024w, https:\/\/cordoba.gob.mx\/blog\/wp-content\/uploads\/2026\/02\/INSTALACION-DE-TRANSPARENCIA-300x186.jpeg 300w, https:\/\/cordoba.gob.mx\/blog\/wp-content\/uploads\/2026\/02\/INSTALACION-DE-TRANSPARENCIA-768x476.jpeg 768w, https:\/\/cordoba.gob.mx\/blog\/wp-content\/uploads\/2026\/02\/INSTALACION-DE-TRANSPARENCIA-1536x951.jpeg 1536w, https:\/\/cordoba.gob.mx\/blog\/wp-content\/uploads\/2026\/02\/INSTALACION-DE-TRANSPARENCIA.jpeg 2048w\" sizes=\"auto, (max-width: 1024px) 100vw, 1024px\" \/><\/figure>\n<\/div>\n\n\n\n<p>Presidenta: Lic. Luz del Carmen Contla Amaro<\/p>\n\n\n\n<p>Secretario: Lic. Miguel \u00c1ngel Rojas Gonz\u00e1lez<\/p>\n\n\n\n<p>Vocal: Lic. Gonzalo Heredia Gald\u00f3s<\/p>\n\n\n\n<p>La instalaci\u00f3n y toma de protesta del Comit\u00e9 de Transparencia fue sometida a consideraci\u00f3n del Cabildo y aprobada durante la Sesi\u00f3n Extraordinaria celebrada en esta fecha.<\/p>\n\n\n\n<p>Cabe destacar que, durante la misma sesi\u00f3n, se present\u00f3 el Informe de Actividades de la Secretar\u00eda del H. Ayuntamiento correspondiente al mes de enero de 2026, en el cual se reportaron, entre otros resultados relevantes, la realizaci\u00f3n de siete sesiones de Cabildo; la certificaci\u00f3n de 288 constancias; la fijaci\u00f3n y contestaci\u00f3n de 12 edictos; la elaboraci\u00f3n y publicaci\u00f3n del Programa Anual de Desarrollo Archiv\u00edstico 2026; la expedici\u00f3n de cartillas del Servicio Militar Nacional; as\u00ed como la tramitaci\u00f3n de 663 pasaportes a trav\u00e9s de la Oficina de Enlace con la Secretar\u00eda de Relaciones Exteriores.<\/p>\n\n\n\n<p>Con estas acciones, el Gobierno Municipal de C\u00f3rdoba refrenda su compromiso con la legalidad, la transparencia, la rendici\u00f3n de cuentas y el fortalecimiento institucional, en beneficio de la ciudadan\u00eda cordobesa.<\/p>\n","protected":false},"excerpt":{"rendered":"<p>C\u00f3rdoba, Veracruz, a 4 de febrero de 2026. \u2014 En cumplimiento al marco constitucional y legal en materia de acceso a la informaci\u00f3n p\u00fablica y protecci\u00f3n de datos personales, el H. Ayuntamiento Constitucional de C\u00f3rdoba, Veracruz, llev\u00f3 a cabo la instalaci\u00f3n formal del Comit\u00e9 de Transparencia, acci\u00f3n orientada a fortalecer la rendici\u00f3n de cuentas, la [&hellip;]<\/p>\n","protected":false},"author":1,"featured_media":663,"comment_status":"closed","ping_status":"open","sticky":false,"template":"","format":"standard","meta":{"footnotes":""},"categories":[1],"tags":[],"class_list":["post-658","post","type-post","status-publish","format-standard","has-post-thumbnail","hentry","category-general"],"_links":{"self":[{"href":"https:\/\/cordoba.gob.mx\/blog\/wp-json\/wp\/v2\/posts\/658","targetHints":{"allow":["GET"]}}],"collection":[{"href":"https:\/\/cordoba.gob.mx\/blog\/wp-json\/wp\/v2\/posts"}],"about":[{"href":"https:\/\/cordoba.gob.mx\/blog\/wp-json\/wp\/v2\/types\/post"}],"author":[{"embeddable":true,"href":"https:\/\/cordoba.gob.mx\/blog\/wp-json\/wp\/v2\/users\/1"}],"replies":[{"embeddable":true,"href":"https:\/\/cordoba.gob.mx\/blog\/wp-json\/wp\/v2\/comments?post=658"}],"version-history":[{"count":1,"href":"https:\/\/cordoba.gob.mx\/blog\/wp-json\/wp\/v2\/posts\/658\/revisions"}],"predecessor-version":[{"id":664,"href":"https:\/\/cordoba.gob.mx\/blog\/wp-json\/wp\/v2\/posts\/658\/revisions\/664"}],"wp:featuredmedia":[{"embeddable":true,"href":"https:\/\/cordoba.gob.mx\/blog\/wp-json\/wp\/v2\/media\/663"}],"wp:attachment":[{"href":"https:\/\/cordoba.gob.mx\/blog\/wp-json\/wp\/v2\/media?parent=658"}],"wp:term":[{"taxonomy":"category","embeddable":true,"href":"https:\/\/cordoba.gob.mx\/blog\/wp-json\/wp\/v2\/categories?post=658"},{"taxonomy":"post_tag","embeddable":true,"href":"https:\/\/cordoba.gob.mx\/blog\/wp-json\/wp\/v2\/tags?post=658"}],"curies":[{"name":"wp","href":"https:\/\/api.w.org\/{rel}","templated":true}]}}