{"id":665,"date":"2026-02-06T19:59:25","date_gmt":"2026-02-06T19:59:25","guid":{"rendered":"https:\/\/cordoba.gob.mx\/blog\/?p=665"},"modified":"2026-02-06T19:59:25","modified_gmt":"2026-02-06T19:59:25","slug":"cordoba-conmemora-el-109-aniversario-de-la-promulgacion-de-la-constitucion-politica-de-1917","status":"publish","type":"post","link":"https:\/\/cordoba.gob.mx\/blog\/cordoba-conmemora-el-109-aniversario-de-la-promulgacion-de-la-constitucion-politica-de-1917\/","title":{"rendered":"C\u00f3rdoba conmemora el 109 aniversario de la Promulgaci\u00f3n de la Constituci\u00f3n Pol\u00edtica de 1917"},"content":{"rendered":"\n<p>C\u00f3rdoba, Ver.,05 de febrero. \u2013 Con la participaci\u00f3n de autoridades municipales, y alumnos de la escuela primaria Francisco Hern\u00e1ndez y Hern\u00e1ndez \u2018Cantonal\u2019, este jueves se desarroll\u00f3 el acto c\u00edvico en conmemoraci\u00f3n del 169 aniversario de la promulgaci\u00f3n de la Constituci\u00f3n de 1857, y el 109 aniversario de la Constituci\u00f3n Pol\u00edtica de los Estados Unidos Mexicanos de 1917; Carlos F\u00e9lix Hern\u00e1ndez Salgado, secretario del Ayuntamiento de C\u00f3rdoba, en representaci\u00f3n del alcalde, Manuel Alonso Cerezo, fue el encargado del izamiento de la bandera mexicana.<\/p>\n\n\n\n<div class=\"wp-block-group is-content-justification-center is-nowrap is-layout-flex wp-container-core-group-is-layout-d6765923 wp-block-group-is-layout-flex\" style=\"margin-top:var(--wp--preset--spacing--30);margin-bottom:var(--wp--preset--spacing--30)\">\n<figure class=\"wp-block-image size-large has-custom-border\" style=\"margin-right:0;margin-left:0\"><img loading=\"lazy\" decoding=\"async\" width=\"1024\" height=\"681\" src=\"https:\/\/cordoba.gob.mx\/blog\/wp-content\/uploads\/2026\/02\/ACTO-1.3-1024x681.jpeg\" alt=\"\" class=\"wp-image-667\" style=\"border-top-left-radius:10px;border-top-right-radius:10px;border-bottom-left-radius:10px;border-bottom-right-radius:10px\" srcset=\"https:\/\/cordoba.gob.mx\/blog\/wp-content\/uploads\/2026\/02\/ACTO-1.3-1024x681.jpeg 1024w, https:\/\/cordoba.gob.mx\/blog\/wp-content\/uploads\/2026\/02\/ACTO-1.3-300x200.jpeg 300w, https:\/\/cordoba.gob.mx\/blog\/wp-content\/uploads\/2026\/02\/ACTO-1.3-768x511.jpeg 768w, https:\/\/cordoba.gob.mx\/blog\/wp-content\/uploads\/2026\/02\/ACTO-1.3-1536x1021.jpeg 1536w, https:\/\/cordoba.gob.mx\/blog\/wp-content\/uploads\/2026\/02\/ACTO-1.3.jpeg 1600w\" sizes=\"auto, (max-width: 1024px) 100vw, 1024px\" \/><\/figure>\n<\/div>\n\n\n\n<p>Y como es ya una tradici\u00f3n el Himno Nacional e Himno a Veracruz estuvieron a cargo de la Banda Municipal, mientras que en esta ocasi\u00f3n el alumno Jesse Emmanuel Vega Moreno, fue el responsable del Juramento a la bandera, y su compa\u00f1era Grethel Ayari Corona Sol\u00eds, emiti\u00f3 un breve, pero significativo mensaje por la Promulgaci\u00f3n de la Constituci\u00f3n Pol\u00edtica de los Estados Unidos Mexicanos (1917), recordando que la Carta Magna fortaleci\u00f3 el sistema pol\u00edtico, y garantiz\u00f3 los derechos sociales de las y los mexicanos.<\/p>\n\n\n\n<p>El acto adem\u00e1s de la participaci\u00f3n del secretario del Ayuntamiento, cont\u00f3 con la presencia de la s\u00edndica \u00fanica, Irene Sedas Gonz\u00e1lez, de los regidores Mar\u00eda Angela Ordinola Camarrillo (1), Jorge Maximiliano Huerta V\u00e1zquez (2), Glorisel Ixmatlahua Rodr\u00edguez (3), Itzel L\u00f3pez Gonz\u00e1lez (4), Jaqueline Rodr\u00edguez Berist\u00e1in (6), Nhesma Faride Telis Arano (7), Claudia Olga De la Huerta Manjarrez (8), y Jos\u00e9 Javier Medina Rahme (10), as\u00ed como de coordinadores, jefes de \u00e1rea, personal en general, y Rogelio Antonio Estrada Oliva, director de la primaria Francisco Hern\u00e1ndez y Hern\u00e1ndez, como invitado especial.<\/p>\n\n\n\n<div class=\"wp-block-group is-content-justification-center is-nowrap is-layout-flex wp-container-core-group-is-layout-d6765923 wp-block-group-is-layout-flex\" style=\"margin-top:var(--wp--preset--spacing--30);margin-bottom:var(--wp--preset--spacing--30)\">\n<figure class=\"wp-block-image size-large has-custom-border\" style=\"margin-right:0;margin-left:0\"><img loading=\"lazy\" decoding=\"async\" width=\"1024\" height=\"681\" src=\"https:\/\/cordoba.gob.mx\/blog\/wp-content\/uploads\/2026\/02\/ACTO-1.1-1024x681.jpeg\" alt=\"\" class=\"wp-image-668\" style=\"border-top-left-radius:10px;border-top-right-radius:10px;border-bottom-left-radius:10px;border-bottom-right-radius:10px\" srcset=\"https:\/\/cordoba.gob.mx\/blog\/wp-content\/uploads\/2026\/02\/ACTO-1.1-1024x681.jpeg 1024w, https:\/\/cordoba.gob.mx\/blog\/wp-content\/uploads\/2026\/02\/ACTO-1.1-300x200.jpeg 300w, https:\/\/cordoba.gob.mx\/blog\/wp-content\/uploads\/2026\/02\/ACTO-1.1-768x511.jpeg 768w, https:\/\/cordoba.gob.mx\/blog\/wp-content\/uploads\/2026\/02\/ACTO-1.1-1536x1021.jpeg 1536w, https:\/\/cordoba.gob.mx\/blog\/wp-content\/uploads\/2026\/02\/ACTO-1.1.jpeg 1600w\" sizes=\"auto, (max-width: 1024px) 100vw, 1024px\" \/><\/figure>\n<\/div>\n\n\n\n<p>El Ayuntamiento de C\u00f3rdoba revalida su respeto y compromiso con los valores c\u00edvicos a trav\u00e9s de los actos conmemorativos, destacando la participaci\u00f3n de las autoridades locales. Esta tarde se realizar\u00e1 el arr\u00edo de bandera.<\/p>\n","protected":false},"excerpt":{"rendered":"<p>C\u00f3rdoba, Ver.,05 de febrero. \u2013 Con la participaci\u00f3n de autoridades municipales, y alumnos de la escuela primaria Francisco Hern\u00e1ndez y Hern\u00e1ndez \u2018Cantonal\u2019, este jueves se desarroll\u00f3 el acto c\u00edvico en conmemoraci\u00f3n del 169 aniversario de la promulgaci\u00f3n de la Constituci\u00f3n de 1857, y el 109 aniversario de la Constituci\u00f3n Pol\u00edtica de los Estados Unidos Mexicanos [&hellip;]<\/p>\n","protected":false},"author":1,"featured_media":666,"comment_status":"closed","ping_status":"open","sticky":false,"template":"","format":"standard","meta":{"footnotes":""},"categories":[1],"tags":[],"class_list":["post-665","post","type-post","status-publish","format-standard","has-post-thumbnail","hentry","category-general"],"_links":{"self":[{"href":"https:\/\/cordoba.gob.mx\/blog\/wp-json\/wp\/v2\/posts\/665","targetHints":{"allow":["GET"]}}],"collection":[{"href":"https:\/\/cordoba.gob.mx\/blog\/wp-json\/wp\/v2\/posts"}],"about":[{"href":"https:\/\/cordoba.gob.mx\/blog\/wp-json\/wp\/v2\/types\/post"}],"author":[{"embeddable":true,"href":"https:\/\/cordoba.gob.mx\/blog\/wp-json\/wp\/v2\/users\/1"}],"replies":[{"embeddable":true,"href":"https:\/\/cordoba.gob.mx\/blog\/wp-json\/wp\/v2\/comments?post=665"}],"version-history":[{"count":1,"href":"https:\/\/cordoba.gob.mx\/blog\/wp-json\/wp\/v2\/posts\/665\/revisions"}],"predecessor-version":[{"id":669,"href":"https:\/\/cordoba.gob.mx\/blog\/wp-json\/wp\/v2\/posts\/665\/revisions\/669"}],"wp:featuredmedia":[{"embeddable":true,"href":"https:\/\/cordoba.gob.mx\/blog\/wp-json\/wp\/v2\/media\/666"}],"wp:attachment":[{"href":"https:\/\/cordoba.gob.mx\/blog\/wp-json\/wp\/v2\/media?parent=665"}],"wp:term":[{"taxonomy":"category","embeddable":true,"href":"https:\/\/cordoba.gob.mx\/blog\/wp-json\/wp\/v2\/categories?post=665"},{"taxonomy":"post_tag","embeddable":true,"href":"https:\/\/cordoba.gob.mx\/blog\/wp-json\/wp\/v2\/tags?post=665"}],"curies":[{"name":"wp","href":"https:\/\/api.w.org\/{rel}","templated":true}]}}