{"id":671,"date":"2026-02-06T19:59:25","date_gmt":"2026-02-06T19:59:25","guid":{"rendered":"https:\/\/cordoba.gob.mx\/blog\/?p=671"},"modified":"2026-02-06T19:59:25","modified_gmt":"2026-02-06T19:59:25","slug":"juan-torio-coordinador-de-desarrollo-economico-y-economia-social-al-servicio-de-cordoba","status":"publish","type":"post","link":"https:\/\/cordoba.gob.mx\/blog\/juan-torio-coordinador-de-desarrollo-economico-y-economia-social-al-servicio-de-cordoba\/","title":{"rendered":"Juan Torio, coordinador de Desarrollo Econ\u00f3mico y Econom\u00eda Social, \u2018Al Servicio de C\u00f3rdoba\u2019"},"content":{"rendered":"\n<p>C\u00f3rdoba, Ver.,05 de febrero. \u2013 El Ayuntamiento de C\u00f3rdoba, por invitaci\u00f3n del presidente municipal, Manuel Alonso Cerezo, ha colocado piezas estrat\u00e9gicas en cada una de las \u00e1reas con la finalidad de fortalecer la estructura municipal para generar mejores resultados en favor de la ciudadan\u00eda.<\/p>\n\n\n\n<p>En la coordinaci\u00f3n de Desarrollo Econ\u00f3mico y Econom\u00eda Social, Juan Torio Garc\u00eda, reconocido empresario cordob\u00e9s, recibi\u00f3 la oportunidad de estar al frente de una dependencia en la que se mueven el comercio, turismo, fomento agropecuario, rastro y parqu\u00edmetros. Torio Garc\u00eda agradece el respaldo del alcalde, Manuel Alonso Cerezo, y muestra su compromiso para ayudar a C\u00f3rdoba en la materia que le corresponde. &nbsp;<\/p>\n\n\n\n<p>\u201cEstudi\u00e9 la carrera de contabilidad en Monterrey, Nuevo Le\u00f3n, y me puse a trabajar como auditor de empresas como Coca Cola, y nos mandaban a las embotelladoras de grupo Femsa y hac\u00eda las auditor\u00edas, y luego regres\u00e9 a C\u00f3rdoba porque de aqu\u00ed soy, y comenc\u00e9 a trabajar con un t\u00edo que me dio la oportunidad, y luego quise siempre ser empresario y busqu\u00e9 la manera de serlo, y encontr\u00e9 una necesidad de pinturas de buena calidad, y gan\u00e9 la distribuci\u00f3n de una marca, y de eso tiene ya 40 a\u00f1os, ahora vendo pinturas industriales que incluso traemos de Portugal\u201d, afirma al hablar de su vida empresarial.<\/p>\n\n\n\n<p>\u201cY ahora se me present\u00f3 est\u00e1 oportunidad al frente de la coordinaci\u00f3n de Desarrollo Econ\u00f3mico, y estoy al Servicio de C\u00f3rdoba\u201d, apunta.<\/p>\n\n\n\n<p>Torio Garc\u00eda tiene a su cargo las jefaturas de Comercio, Turismo, Fomento agropecuario, Rastro y Parqu\u00edmetros, y asegura que desde el d\u00eda uno de la administraci\u00f3n, han trabajando a pasos agigantados para hacer crecer cada \u00e1rea.<\/p>\n\n\n\n<p>\u201cEn el caso de Turismo es una de las puertas que recibe al visitante. Es muy penoso que el Museo del Caf\u00e9 no estuviera en condiciones para recibirlos, y nos enfocamos en eso, mientras que en Comercio hemos invitado a todos los vendedores ambulantes para regularizarse, y en el mercado buscamos &nbsp;mejorar temas de electricidad y agua\u201d, a\u00f1ade el coordinador.<\/p>\n\n\n\n<p>\u201cRespecto al rastro queremos buscar nuevas normativas, y en Parqu\u00edmetros le estamos metiendo esfuerzo para poner en funcionamiento todas las unidades, y en fomento agropecuario es una jefatura que va bien, que hab\u00eda buenos esfuerzos y le damos continuidad\u201d, sentencia.<\/p>\n\n\n\n<p>Finalmente agradeci\u00f3 al alcalde la invitaci\u00f3n para formar parte de su equipo, y reitero que su compromiso es aportar su granito de arena en pro de una mejor ciudad. \u201cEl C.P. Manuel Alonso Cerezo es mi amigo de muchos a\u00f1os, y fui yo quien me quise unir a la causa de mejorar la ciudad. No buscamos otra cosa que no sea hacer de C\u00f3rdoba la ciudad digna, y la ciudad que merecen los cordobeses\u201d.<\/p>\n","protected":false},"excerpt":{"rendered":"<p>C\u00f3rdoba, Ver.,05 de febrero. \u2013 El Ayuntamiento de C\u00f3rdoba, por invitaci\u00f3n del presidente municipal, Manuel Alonso Cerezo, ha colocado piezas estrat\u00e9gicas en cada una de las \u00e1reas con la finalidad de fortalecer la estructura municipal para generar mejores resultados en favor de la ciudadan\u00eda. En la coordinaci\u00f3n de Desarrollo Econ\u00f3mico y Econom\u00eda Social, Juan Torio [&hellip;]<\/p>\n","protected":false},"author":1,"featured_media":672,"comment_status":"closed","ping_status":"open","sticky":false,"template":"","format":"standard","meta":{"footnotes":""},"categories":[1],"tags":[],"class_list":["post-671","post","type-post","status-publish","format-standard","has-post-thumbnail","hentry","category-general"],"_links":{"self":[{"href":"https:\/\/cordoba.gob.mx\/blog\/wp-json\/wp\/v2\/posts\/671","targetHints":{"allow":["GET"]}}],"collection":[{"href":"https:\/\/cordoba.gob.mx\/blog\/wp-json\/wp\/v2\/posts"}],"about":[{"href":"https:\/\/cordoba.gob.mx\/blog\/wp-json\/wp\/v2\/types\/post"}],"author":[{"embeddable":true,"href":"https:\/\/cordoba.gob.mx\/blog\/wp-json\/wp\/v2\/users\/1"}],"replies":[{"embeddable":true,"href":"https:\/\/cordoba.gob.mx\/blog\/wp-json\/wp\/v2\/comments?post=671"}],"version-history":[{"count":1,"href":"https:\/\/cordoba.gob.mx\/blog\/wp-json\/wp\/v2\/posts\/671\/revisions"}],"predecessor-version":[{"id":673,"href":"https:\/\/cordoba.gob.mx\/blog\/wp-json\/wp\/v2\/posts\/671\/revisions\/673"}],"wp:featuredmedia":[{"embeddable":true,"href":"https:\/\/cordoba.gob.mx\/blog\/wp-json\/wp\/v2\/media\/672"}],"wp:attachment":[{"href":"https:\/\/cordoba.gob.mx\/blog\/wp-json\/wp\/v2\/media?parent=671"}],"wp:term":[{"taxonomy":"category","embeddable":true,"href":"https:\/\/cordoba.gob.mx\/blog\/wp-json\/wp\/v2\/categories?post=671"},{"taxonomy":"post_tag","embeddable":true,"href":"https:\/\/cordoba.gob.mx\/blog\/wp-json\/wp\/v2\/tags?post=671"}],"curies":[{"name":"wp","href":"https:\/\/api.w.org\/{rel}","templated":true}]}}